{"id":9745,"date":"2022-11-08T18:50:32","date_gmt":"2022-11-08T16:50:32","guid":{"rendered":"https:\/\/ganvam.es\/expoganvam\/?p=9745"},"modified":"2022-11-08T18:50:32","modified_gmt":"2022-11-08T16:50:32","slug":"el-presidente-del-partido-popular-alberto-nunez-feijoo-inaugurara-expo-ganvam-el-proximo-dia-15","status":"publish","type":"post","link":"https:\/\/ganvam.es\/expoganvam\/el-presidente-del-partido-popular-alberto-nunez-feijoo-inaugurara-expo-ganvam-el-proximo-dia-15\/","title":{"rendered":"El presidente del Partido Popular, Alberto  N\u00fa\u00f1ez Feij\u00f3o, inaugurar\u00e1 eXpo Ganvam el pr\u00f3ximo d\u00eda 15"},"content":{"rendered":"<p><strong>En un momento en el que el Gobierno evidencia ineficacia en la gesti\u00f3n de los fondos europeos, tal y como Ganvam advirti\u00f3 en Bruselas al denunciar la exclusi\u00f3n de vendedores y talleres de las bases del PERTE VEC <\/strong><\/p>\n<p><strong>\u00a0<\/strong><\/p>\n<ul>\n<li><strong>De automoci\u00f3n a movilidad: en pleno\u00a0cambio del modelo de negocio, Ganvam responder\u00e1 a los retos de un sector en transformaci\u00f3n, coincidiendo adem\u00e1s con el 65 aniversario de la patronal <\/strong><\/li>\n<\/ul>\n<p>&nbsp;<\/p>\n<ul>\n<li><strong>Bajo el lema \u201cSomos\u201d, en referencia a la transversalidad del ecosistema de la distribuci\u00f3n al que representa Ganvam<\/strong><\/li>\n<\/ul>\n<p><strong>\u00a0<\/strong><\/p>\n<p><u>Madrid, 8 de noviembre de 2022.-<\/u> El presidente del Partido Popular (PP), <strong>Alberto N\u00fa\u00f1ez Feij\u00f3o, inaugurar\u00e1 el pr\u00f3ximo d\u00eda 15 de noviembre en IFEMA la segunda edici\u00f3n de<\/strong> <strong>eXpo Ganvam, <\/strong>congreso anual con el que la Asociaci\u00f3n Nacional de Vendedores y Reparadores de Veh\u00edculos (GANVAM) da respuesta a los retos de un sector en pleno proceso de adaptaci\u00f3n hacia la movilidad como servicio; en medio de un contexto marcado adem\u00e1s por la ineficacia en la gesti\u00f3n de los fondos europeos de recuperaci\u00f3n y transformaci\u00f3n.<\/p>\n<p>De esta forma, bajo el lema \u201cSomos\u201d en referencia a la transversalidad del ecosistema de la distribuci\u00f3n al que representa Ganvam, la cita servir\u00e1 de punto de encuentro a m\u00e1s de un millar de profesionales del sector de toda Espa\u00f1a, en un momento en el que es necesario que las Administraciones P\u00fablicas garanticen un flujo de recursos suficiente para apoyar la transformaci\u00f3n de las 42.000 pymes y 35.000 aut\u00f3nomos de la venta y reparaci\u00f3n de veh\u00edculos que actualmente han sido excluidos por el Gobierno del reparto de las ayudas europeas.<\/p>\n<p>Este acceso a las ayudas europeas por parte de vendedores y reparadores ser\u00e1 defendido por las propias instituciones comunitarias a trav\u00e9s del <strong>portavoz de la Comisi\u00f3n de Transportes del Parlamento Europeo, Jose Ram\u00f3n Bauz\u00e1<\/strong>, que ser\u00e1 el encargado de abrir la sesi\u00f3n de tarde.<\/p>\n<p>Durante esta segunda edici\u00f3n de eXpo Ganvam, que coincide con la celebraci\u00f3n del 65 aniversario de la patronal de vendedores y talleres, no faltar\u00e1n los est\u00edmulos y herramientas emocionales para hacer frente al cambio. De ah\u00ed que, con la colaboraci\u00f3n de Santander Consumer Finance, la <strong>campeona del Mundo de Rallys Cross Country, Cristina Guti\u00e9rrez, <\/strong>comparta<strong> -entrevistada por el conocido periodista Juanma Casta\u00f1o<\/strong>&#8211; sus estrategias para manejar la adversidad.<\/p>\n<p>&nbsp;<\/p>\n<p><strong>La movilidad como nueva l\u00ednea de ingresos para los distribuidores<\/strong><\/p>\n<p>Con un completo programa de <strong>sesiones de trabajo y mesas de debate<\/strong> apoyadas por una red de <strong>m\u00e1s de una treintena de empresas colaboradoras<\/strong>, este encuentro combinar\u00e1 la parte institucional y l\u00fadica con el <strong>enfoque pr\u00e1ctico<\/strong>, ofreciendo soluciones tangibles con las que no solo responder a las expectativas del usuario sino aumentar la rentabilidad y fomentar la creaci\u00f3n de empleo, en un momento tambi\u00e9n en el que vendedores y reparadores se convierten en el puente que conecta a los ciudadanos con la oferta de electromovilidad y los servicios asociados a la nueva movilidad.<\/p>\n<p>As\u00ed, con el fin de arrojar luz sobre las oportunidades de negocio que se abren en torno a la movilidad como servicio, el CEO de <strong>OK Mobility, Othman Ktiri<\/strong>; el director general de <strong>Smart Espa\u00f1a, Alberto Olivera<\/strong>; el consejero delegado de <strong>Volvo Car Espa\u00f1a, Jose Mar\u00eda Galofr\u00e9<\/strong>, y el presidente del <strong>grupo Invicta, Juli\u00e1n Alfonso<\/strong>, protagonizar\u00e1n otro de los platos fuertes de la jornada. Moderados por el director general de Ganvam, Fernando Migu\u00e9lez, debatir\u00e1n sobre modelos donde conviven la venta y el alquiler para cubrir todo el arco de preferencias y perfiles de usuario tanto local como turista.<\/p>\n<p>Precisamente, como la financiaci\u00f3n democratiza el acceso a la movilidad, la segunda edici\u00f3n de eXpo Ganvam reunir\u00e1 tambi\u00e9n a los principales actores de este sector que, representados por <strong>BBVA Consumer Finance, Caixabank Payment &amp; Consumer, Santander Consumer Finance y Cetelem<\/strong>, mostrar\u00e1n sus propuestas para garantizar soluciones inclusivas y asequible.<\/p>\n<p>&nbsp;<\/p>\n<p><strong>La lista de espera como ventaja competitiva en un contexto de falta de stock<\/strong><\/p>\n<p>C\u00f3mo responder al reto de la onmicanalidad en un momento en el que el cliente que no es f\u00edsico ni digital ser\u00e1 otro de los bloques a debate en eXpo Ganvam. De esta forma, actores como <strong>Google, Meta (Facebook), Flexicar, Carnext o Porsche<\/strong> analizar\u00e1n c\u00f3mo seducirlo y c\u00f3mo convertir la \u201clista de espera\u201d en una ventaja competitiva en un momento en el que reina la falta de stock.<\/p>\n<p>El mercado del veh\u00edculo de ocasi\u00f3n y la evoluci\u00f3n que han experimentado los portales de clasificados hasta convertirse en <em>marketplaces <\/em>ser\u00e1 tambi\u00e9n motivo de an\u00e1lisis durante la jornada del pr\u00f3ximo martes. El <strong>director general de Coches.net<\/strong>, Joao E\u00e7a; el <strong>director general de Coches.com<\/strong>, Gerardo Caba\u00f1as; el <strong>director general de Sumauto, Nicol\u00e1s Cantaert<\/strong>, y el <strong>director de Auto1, Jorge Bibi\u00e1n <\/strong>debatir\u00e1n -moderados por la experta digital y consultora e-commerce, Mar\u00eda Moreno- sobre su papel en un momento en el que las marcas tienden a crean sus propios canales de distribuci\u00f3n.<\/p>\n<p>La <strong>posventa<\/strong> tambi\u00e9n ser\u00e1 uno de los pilares fundamentales de eXpo Ganvam. El negocio del taller en la era de la nueva movilidad ser\u00e1 motivo de an\u00e1lisis por parte de <strong>Iluscar, Arroyoauto, Futurwagen y Conforauto<\/strong> bajo la batuta del periodista especializado, Ra\u00fal Gonz\u00e1lez. Adem\u00e1s de la \u00faltima hora de las acciones colectivas que talleres y agentes oficiales est\u00e1n llevando a cabo para garantizar la actividad y la rentabilidad de estos negocios, se abordar\u00e1 tambi\u00e9n -de la mano de Qvadrigas Abogados- el impacto del nuevo modelo de negocio en las redes secundarias (agentes) anticipando c\u00f3mo ser\u00e1 su reorganizaci\u00f3n.<\/p>\n<p>&nbsp;<\/p>\n<p><strong>La realidad virtual aplicada a la formaci\u00f3n t\u00e9cnica<\/strong><\/p>\n<p>Por su parte, Academia Ganvam, en colaboraci\u00f3n con Infova, -la apuesta estrat\u00e9gica de la patronal para garantizar la acreditaci\u00f3n de perfiles profesionales capaces de dar respuesta a la nueva realidad de mercado- demostrar\u00e1 el martes c\u00f3mo aplicar la realidad virtual a la formaci\u00f3n t\u00e9cnica.<\/p>\n<p>Pero no solo la realidad virtual sino tambi\u00e9n la inteligencia artificial colectiva tendr\u00e1 su espacio en eXpo Ganvam. De hecho, la patronal de la distribuci\u00f3n la utilizar\u00e1 en el transcurso de la jornada para consensuar con el sector all\u00ed reunido las prioridades y palancas en las que debe apoyarse el plan que acelerar\u00e1 la transformaci\u00f3n de la industria de automoci\u00f3n en industria de movilidad.<\/p>\n<p>&nbsp;<\/p>\n<p><strong>Sobre Ganvam<\/strong><\/p>\n<p><em>Ganvam es la asociaci\u00f3n decana y m\u00e1s representativa de la distribuci\u00f3n de autom\u00f3viles de Espa\u00f1a. Fundada en 1957, es una organizaci\u00f3n transversal que agrupa a cerca de 7.000 asociados entre <\/em><strong><em>concesionarios y servicios oficiales, compraventas y talleres independientes<\/em><\/strong><em>. Defiende los intereses de distribuidores que venden tanto veh\u00edculos <\/em><strong><em>nuevos como usados y agrupa a compa\u00f1\u00edas que distribuyen y reparan todo tipo de veh\u00edculos:<\/em><\/strong> <strong><em>turismos, industriales, motos y tractores agr\u00edcolas, as\u00ed como empresas afines (peritos, gestores\u2026)<\/em><\/strong><em>. En conjunto, estas empresas venden y dan servicio a m\u00e1s del 80% del parque m\u00f3vil espa\u00f1ol. Dentro del escenario internacional, es miembro de la junta directiva de CECRA (Comit\u00e9 Europeo del Comercio y la Reparaci\u00f3n de Veh\u00edculos).<\/em><\/p>\n<p>&nbsp;<\/p>\n<p><strong>M\u00e1s informaci\u00f3n: <\/strong><\/p>\n<p>Tania Puche\/Jorge Medina<\/p>\n<p><a href=\"mailto:prensa@ganvam.es\">prensa@ganvam.es<\/a><\/p>\n<p>667 522 916<\/p>\n","protected":false},"excerpt":{"rendered":"<p>A las 10:00h en el Centro de Convenciones Norte de IFEMA<\/p>\n","protected":false},"author":1,"featured_media":9746,"comment_status":"closed","ping_status":"open","sticky":false,"template":"","format":"standard","meta":{"footnotes":""},"categories":[43],"tags":[],"class_list":["post-9745","post","type-post","status-publish","format-standard","has-post-thumbnail","hentry","category-expo-ganvam-2022"],"aioseo_notices":[],"_links":{"self":[{"href":"https:\/\/ganvam.es\/expoganvam\/wp-json\/wp\/v2\/posts\/9745","targetHints":{"allow":["GET"]}}],"collection":[{"href":"https:\/\/ganvam.es\/expoganvam\/wp-json\/wp\/v2\/posts"}],"about":[{"href":"https:\/\/ganvam.es\/expoganvam\/wp-json\/wp\/v2\/types\/post"}],"author":[{"embeddable":true,"href":"https:\/\/ganvam.es\/expoganvam\/wp-json\/wp\/v2\/users\/1"}],"replies":[{"embeddable":true,"href":"https:\/\/ganvam.es\/expoganvam\/wp-json\/wp\/v2\/comments?post=9745"}],"version-history":[{"count":1,"href":"https:\/\/ganvam.es\/expoganvam\/wp-json\/wp\/v2\/posts\/9745\/revisions"}],"predecessor-version":[{"id":9747,"href":"https:\/\/ganvam.es\/expoganvam\/wp-json\/wp\/v2\/posts\/9745\/revisions\/9747"}],"wp:featuredmedia":[{"embeddable":true,"href":"https:\/\/ganvam.es\/expoganvam\/wp-json\/wp\/v2\/media\/9746"}],"wp:attachment":[{"href":"https:\/\/ganvam.es\/expoganvam\/wp-json\/wp\/v2\/media?parent=9745"}],"wp:term":[{"taxonomy":"category","embeddable":true,"href":"https:\/\/ganvam.es\/expoganvam\/wp-json\/wp\/v2\/categories?post=9745"},{"taxonomy":"post_tag","embeddable":true,"href":"https:\/\/ganvam.es\/expoganvam\/wp-json\/wp\/v2\/tags?post=9745"}],"curies":[{"name":"wp","href":"https:\/\/api.w.org\/{rel}","templated":true}]}}