{"id":9723,"date":"2022-11-07T20:14:41","date_gmt":"2022-11-07T18:14:41","guid":{"rendered":"https:\/\/ganvam.es\/expoganvam\/?p=9723"},"modified":"2022-11-07T20:14:41","modified_gmt":"2022-11-07T18:14:41","slug":"los-principales-marketplace-de-automocion-abordan-en-expo-ganvam-como-han-evolucionado-los-escaparates-online-y-su-papel-en-el-nuevo-modelo-de-distribucion","status":"publish","type":"post","link":"https:\/\/ganvam.es\/expoganvam\/los-principales-marketplace-de-automocion-abordan-en-expo-ganvam-como-han-evolucionado-los-escaparates-online-y-su-papel-en-el-nuevo-modelo-de-distribucion\/","title":{"rendered":"Los principales Marketplace de automoci\u00f3n abordan en eXpo Ganvam c\u00f3mo han evolucionado los escaparates online y su papel en el nuevo modelo de distribuci\u00f3n"},"content":{"rendered":"<p>El cambio de paradigma que atraviesa el sector de la movilidad tambi\u00e9n est\u00e1 teniendo fuertes consecuencias en la manera en la que los clientes buscan y adquieren un veh\u00edculo. El canal online se ha vuelto fundamental, siendo la primera de las opciones para los usuarios a la hora de informarse sobre las alternativas que tienen de movilidad y buscar el veh\u00edculo que mejor se adapte a sus necesidades.<\/p>\n<p>De esta manera, en el marco de eXpo Ganvam, que tendr\u00e1 lugar el pr\u00f3ximo 15 de noviembre, el director general de coches.net, Joao E\u00e7a; el director general de coches.com, Gerardo Caba\u00f1as; el director general de Sumauto, Nicol\u00e1s Cantaert y el director de Auto1.com, Jorge Bibi\u00e1n, debatir\u00e1n sobre la evoluci\u00f3n de los escaparates online y su rol dentro del nuevo ecosistema de movilidad en la mesa redonda \u201cDe portal de clasificados a marketplace, \u00bfc\u00f3mo han evolucionado los escaparates online y qu\u00e9 papel juegan en el nuevo modelo de distribuci\u00f3n?\u201d moderada por consultora E-commerce &amp; Marketplace, Experta Digital, Mar\u00eda Moreno.<\/p>\n<p>El evento, que ya cuenta con el apoyo de una treintena de empresas patrocinadoras, ser\u00e1 un espacio donde se dar\u00e1n a conocer nuevas propuestas de negocio e innovaci\u00f3n a los asistentes, con el fin de aportar soluciones reales al cambio de paradigma que vive el sector y dar respuesta a las verdaderas necesidades del mercado de la movilidad.<\/p>\n<p>Adem\u00e1s, esta segunda edici\u00f3n tendr\u00e1 un car\u00e1cter especial, coincidiendo con la celebraci\u00f3n del 65 aniversario de la asociaci\u00f3n, que tras su fundaci\u00f3n en 1957 sigue hoy en d\u00eda representando los intereses del sector de la distribuci\u00f3n como patronal decana e independiente.<\/p>\n<p>\u2013\u00a0<a href=\"https:\/\/web.eventwoaccess.com\/expoganvam2022\/expo-ganvam-2022\/register\"><strong>Adquiere tu entrada<\/strong><\/a>\u00a0\u2013<\/p>\n<p><em>Para estar informado y al tanto de todas las novedades del evento seg\u00fan se vayan produciendo puedes acceder al siguiente enlace:\u00a0<\/em><a href=\"https:\/\/ganvam.es\/expoganvam\/\"><em>https:\/\/ganvam.es\/expoganvam\/<\/em><\/a><\/p>\n","protected":false},"excerpt":{"rendered":"<p>El evento, que ya cuenta con el apoyo de una treintena de empresas patrocinadoras, ser\u00e1 un espacio donde se dar\u00e1n a conocer nuevas propuestas de negocio e innovaci\u00f3n a los asistentes,<\/p>\n","protected":false},"author":1,"featured_media":9724,"comment_status":"closed","ping_status":"open","sticky":false,"template":"","format":"standard","meta":{"footnotes":""},"categories":[43],"tags":[],"class_list":["post-9723","post","type-post","status-publish","format-standard","has-post-thumbnail","hentry","category-expo-ganvam-2022"],"aioseo_notices":[],"_links":{"self":[{"href":"https:\/\/ganvam.es\/expoganvam\/wp-json\/wp\/v2\/posts\/9723","targetHints":{"allow":["GET"]}}],"collection":[{"href":"https:\/\/ganvam.es\/expoganvam\/wp-json\/wp\/v2\/posts"}],"about":[{"href":"https:\/\/ganvam.es\/expoganvam\/wp-json\/wp\/v2\/types\/post"}],"author":[{"embeddable":true,"href":"https:\/\/ganvam.es\/expoganvam\/wp-json\/wp\/v2\/users\/1"}],"replies":[{"embeddable":true,"href":"https:\/\/ganvam.es\/expoganvam\/wp-json\/wp\/v2\/comments?post=9723"}],"version-history":[{"count":1,"href":"https:\/\/ganvam.es\/expoganvam\/wp-json\/wp\/v2\/posts\/9723\/revisions"}],"predecessor-version":[{"id":9725,"href":"https:\/\/ganvam.es\/expoganvam\/wp-json\/wp\/v2\/posts\/9723\/revisions\/9725"}],"wp:featuredmedia":[{"embeddable":true,"href":"https:\/\/ganvam.es\/expoganvam\/wp-json\/wp\/v2\/media\/9724"}],"wp:attachment":[{"href":"https:\/\/ganvam.es\/expoganvam\/wp-json\/wp\/v2\/media?parent=9723"}],"wp:term":[{"taxonomy":"category","embeddable":true,"href":"https:\/\/ganvam.es\/expoganvam\/wp-json\/wp\/v2\/categories?post=9723"},{"taxonomy":"post_tag","embeddable":true,"href":"https:\/\/ganvam.es\/expoganvam\/wp-json\/wp\/v2\/tags?post=9723"}],"curies":[{"name":"wp","href":"https:\/\/api.w.org\/{rel}","templated":true}]}}