{"id":9547,"date":"2022-09-15T13:27:07","date_gmt":"2022-09-15T11:27:07","guid":{"rendered":"https:\/\/ganvam.es\/expoganvam\/?p=9547"},"modified":"2022-09-29T13:28:15","modified_gmt":"2022-09-29T11:28:15","slug":"arranca-la-cuenta-atras-para-la-segunda-edicion-de-expo-ganvam","status":"publish","type":"post","link":"https:\/\/ganvam.es\/expoganvam\/arranca-la-cuenta-atras-para-la-segunda-edicion-de-expo-ganvam\/","title":{"rendered":"Arranca la cuenta atr\u00e1s para la segunda edici\u00f3n de eXpo Ganvam"},"content":{"rendered":"<p>Tras una primera edici\u00f3n en la que Ganvam ya convirti\u00f3 el Centro de Convenciones Norte de IFEMA MADRID en el punto de encuentro de los profesionales de la distribuci\u00f3n con un evento que, bajo el lema \u201cUn paso por delante\u201d, reuni\u00f3 a m\u00e1s de 700 asistentes para abordar la transformaci\u00f3n del modelo de negocio que se deriva de factores como la digitalizaci\u00f3n y la conectividad, <strong>el pr\u00f3ximo 15 de noviembre tendr\u00e1 lugar la segunda edici\u00f3n de eXpo Ganvam<\/strong>.<\/p>\n<p>De esta manera, en un contexto marcado por las bajas cifras de matriculaciones y los cambios que se est\u00e1n produciendo en los modelos de negocio, la transici\u00f3n de las redes de concesionarios del modelo tradicional al de agencia, la evoluci\u00f3n de los portales de clasificados a Marketplace, as\u00ed como las relaciones entre talleres y aseguradores -que siguen en vilo tras el escrito presentado por Cetraa, Conepa, Ganvam y Fagenauto ante el Parlamento Europeo-, ser\u00e1n algunos de los pilares de esta segunda edici\u00f3n.<\/p>\n<p>El evento, que ya cuenta con el apoyo de una veintena de empresas patrocinadoras, ser\u00e1 un espacio donde se dar\u00e1n a conocer nuevas propuestas de negocio e innovaci\u00f3n a los asistentes, con el fin de aportar soluciones reales al cambio de paradigma que vive el sector y dar respuesta a las verdaderas necesidades del mercado de la movilidad.<\/p>\n<p>Adem\u00e1s, esta segunda edici\u00f3n tendr\u00e1 un car\u00e1cter especial, coincidiendo con la celebraci\u00f3n del 65 aniversario de la asociaci\u00f3n, que tras su fundaci\u00f3n en 1957 sigue hoy en d\u00eda representando los intereses del sector de la distribuci\u00f3n como patronal decana e independiente.<\/p>\n<p>Para estar informado y al tanto de todas las novedades del evento seg\u00fan se vayan produciendo puedes acceder al siguiente enlace: <a href=\"https:\/\/ganvam.es\/expoganvam\/\">https:\/\/ganvam.es\/expoganvam\/<\/a><\/p>\n","protected":false},"excerpt":{"rendered":"<p>El pr\u00f3ximo 15 de noviembre tendr\u00e1 lugar la segunda edici\u00f3n de eXpo Ganvamen IFEMA (Madrid)<\/p>\n","protected":false},"author":1,"featured_media":9548,"comment_status":"closed","ping_status":"open","sticky":false,"template":"","format":"standard","meta":{"footnotes":""},"categories":[43],"tags":[],"class_list":["post-9547","post","type-post","status-publish","format-standard","has-post-thumbnail","hentry","category-expo-ganvam-2022"],"aioseo_notices":[],"_links":{"self":[{"href":"https:\/\/ganvam.es\/expoganvam\/wp-json\/wp\/v2\/posts\/9547","targetHints":{"allow":["GET"]}}],"collection":[{"href":"https:\/\/ganvam.es\/expoganvam\/wp-json\/wp\/v2\/posts"}],"about":[{"href":"https:\/\/ganvam.es\/expoganvam\/wp-json\/wp\/v2\/types\/post"}],"author":[{"embeddable":true,"href":"https:\/\/ganvam.es\/expoganvam\/wp-json\/wp\/v2\/users\/1"}],"replies":[{"embeddable":true,"href":"https:\/\/ganvam.es\/expoganvam\/wp-json\/wp\/v2\/comments?post=9547"}],"version-history":[{"count":1,"href":"https:\/\/ganvam.es\/expoganvam\/wp-json\/wp\/v2\/posts\/9547\/revisions"}],"predecessor-version":[{"id":9549,"href":"https:\/\/ganvam.es\/expoganvam\/wp-json\/wp\/v2\/posts\/9547\/revisions\/9549"}],"wp:featuredmedia":[{"embeddable":true,"href":"https:\/\/ganvam.es\/expoganvam\/wp-json\/wp\/v2\/media\/9548"}],"wp:attachment":[{"href":"https:\/\/ganvam.es\/expoganvam\/wp-json\/wp\/v2\/media?parent=9547"}],"wp:term":[{"taxonomy":"category","embeddable":true,"href":"https:\/\/ganvam.es\/expoganvam\/wp-json\/wp\/v2\/categories?post=9547"},{"taxonomy":"post_tag","embeddable":true,"href":"https:\/\/ganvam.es\/expoganvam\/wp-json\/wp\/v2\/tags?post=9547"}],"curies":[{"name":"wp","href":"https:\/\/api.w.org\/{rel}","templated":true}]}}