{"id":9210,"date":"2022-02-10T14:18:27","date_gmt":"2022-02-10T12:18:27","guid":{"rendered":"https:\/\/ganvam.es\/expoganvam\/?p=9210"},"modified":"2022-02-10T14:18:27","modified_gmt":"2022-02-10T12:18:27","slug":"como-aprovechar-la-oportunidad-de-los-coches-electricos-en-el-sector-vo-ricardo-oliveira-dara-las-claves-en-expo-ganvam","status":"publish","type":"post","link":"https:\/\/ganvam.es\/expoganvam\/como-aprovechar-la-oportunidad-de-los-coches-electricos-en-el-sector-vo-ricardo-oliveira-dara-las-claves-en-expo-ganvam\/","title":{"rendered":"\u00bfC\u00f3mo aprovechar la oportunidad de los coches el\u00e9ctricos en el sector VO? Ricardo Oliveira dar\u00e1 las claves en eXpo Ganvam"},"content":{"rendered":"<p>El pr\u00f3ximo 25 de febrero en IFEMA MADRID, la patronal de la distribuci\u00f3n oficial e independiente celebrar\u00e1 eXpo Ganvam, evento en el que dar\u00e1 respuesta y soluciones tangibles a los retos que la transformaci\u00f3n digital y la transici\u00f3n ecol\u00f3gica est\u00e1n imponiendo al sector de la venta y reparaci\u00f3n de veh\u00edculos.<\/p>\n<p>De esta manera, en un momento en el que las matriculaciones de veh\u00edculos el\u00e9ctricos se han triplicado en el arranque del a\u00f1o y en el que el 12% de las matriculaciones de turismos corresponden ya a modelos electrificados, el detector de tendencias, fundador y CEO de World Shopper, Ricardo Oliviera, estar\u00e1 presente en el punto de encuentro de la distribuci\u00f3n para analizar qu\u00e9 reflejo tiene este crecimiento de los veh\u00edculos el\u00e9ctricos en el mercado de ocasi\u00f3n y c\u00f3mo aprovechar las oportunidades que este contexto presenta.<\/p>\n<p>Y es que, para Oliveira, si la \u201cf\u00e1brica de usados\u201d est\u00e1 produciendo cada vez m\u00e1s veh\u00edculos el\u00e9ctricos, es urgente que el sector del coche de ocasi\u00f3n se prepare, lo antes posible, para la transici\u00f3n energ\u00e9tica. Por ello, el pr\u00f3ximo 25 de febrero en IFEMA MADRID buscar\u00e1 poner de manifiesto esta urgencia y compartir con los asistentes a eXpo Ganvam las mejores estrategias para preparar su negocio de cara al mercado el\u00e9ctrico, que est\u00e1 en pleno auge.<\/p>\n<p>\u00bfC\u00f3mo se formar\u00e1n los fututos profesionales? \u00bfQu\u00e9 tendencias marcar\u00e1n la trayectoria del mercado del autom\u00f3vil? \u00bfCu\u00e1l es el futuro de los concesionarios? \u00bfC\u00f3mo se puede seducir al cliente digital? Ser\u00e1n otras de las preguntas a la que se dar\u00e1 respuesta en el resto de encuentros profesionales de eXpo Ganvam, que reunir\u00e1 a m\u00e1s de medio millar de profesionales de la automoci\u00f3n.<\/p>\n<p>&nbsp;<\/p>\n<p>Informaci\u00f3n actualizada del evento pinchado\u00a0<a href=\"https:\/\/ganvam.es\/expoganvam\/\">aqu\u00ed<\/a>\u00a0o a trav\u00e9s de la app exclusiva del evento disponible tanto para\u00a0<a href=\"https:\/\/apps.apple.com\/app\/id1595448425\">iOS<\/a>\u00a0como para\u00a0<a href=\"http:\/\/play.google.com\/store\/apps\/details?id=es.ganvam.expoganvam\">Android<\/a>.<\/p>\n<p>\u2013\u00a0<a href=\"https:\/\/web.eventwoaccess.com\/expoganvam\/expo-ganvam\/register\" target=\"_blank\" rel=\"noopener\"><strong>Reg\u00edstrate aqu\u00ed y adquiere tu entrada<\/strong><\/a>\u00a0\u2013<\/p>\n","protected":false},"excerpt":{"rendered":"<p>El pr\u00f3ximo 25 de febrero en IFEMA MADRID, la patronal de la distribuci\u00f3n oficial e independiente celebrar\u00e1 eXpo Ganvam, evento en el que dar\u00e1 respuesta y soluciones tangibles a los retos que la transformaci\u00f3n digital y la transici\u00f3n ecol\u00f3gica est\u00e1n imponiendo al sector de la venta y reparaci\u00f3n de veh\u00edculos. De esta manera, en un [&hellip;]<\/p>\n","protected":false},"author":1,"featured_media":9211,"comment_status":"closed","ping_status":"open","sticky":false,"template":"","format":"standard","meta":{"footnotes":""},"categories":[23],"tags":[],"class_list":["post-9210","post","type-post","status-publish","format-standard","has-post-thumbnail","hentry","category-expo-ganvam-2021"],"aioseo_notices":[],"_links":{"self":[{"href":"https:\/\/ganvam.es\/expoganvam\/wp-json\/wp\/v2\/posts\/9210","targetHints":{"allow":["GET"]}}],"collection":[{"href":"https:\/\/ganvam.es\/expoganvam\/wp-json\/wp\/v2\/posts"}],"about":[{"href":"https:\/\/ganvam.es\/expoganvam\/wp-json\/wp\/v2\/types\/post"}],"author":[{"embeddable":true,"href":"https:\/\/ganvam.es\/expoganvam\/wp-json\/wp\/v2\/users\/1"}],"replies":[{"embeddable":true,"href":"https:\/\/ganvam.es\/expoganvam\/wp-json\/wp\/v2\/comments?post=9210"}],"version-history":[{"count":0,"href":"https:\/\/ganvam.es\/expoganvam\/wp-json\/wp\/v2\/posts\/9210\/revisions"}],"wp:featuredmedia":[{"embeddable":true,"href":"https:\/\/ganvam.es\/expoganvam\/wp-json\/wp\/v2\/media\/9211"}],"wp:attachment":[{"href":"https:\/\/ganvam.es\/expoganvam\/wp-json\/wp\/v2\/media?parent=9210"}],"wp:term":[{"taxonomy":"category","embeddable":true,"href":"https:\/\/ganvam.es\/expoganvam\/wp-json\/wp\/v2\/categories?post=9210"},{"taxonomy":"post_tag","embeddable":true,"href":"https:\/\/ganvam.es\/expoganvam\/wp-json\/wp\/v2\/tags?post=9210"}],"curies":[{"name":"wp","href":"https:\/\/api.w.org\/{rel}","templated":true}]}}