{"id":8962,"date":"2021-11-24T14:56:56","date_gmt":"2021-11-24T12:56:56","guid":{"rendered":"https:\/\/ganvam.es\/expoganvam\/?p=8962"},"modified":"2022-01-14T15:27:57","modified_gmt":"2022-01-14T13:27:57","slug":"ya-puedes-adquirir-tu-entrada-para-expo-ganvam","status":"publish","type":"post","link":"https:\/\/ganvam.es\/expoganvam\/ya-puedes-adquirir-tu-entrada-para-expo-ganvam\/","title":{"rendered":"Ya puedes adquirir tu entrada para eXpo Ganvam"},"content":{"rendered":"<p>eXpo Ganvam, que el pr\u00f3ximo d\u00eda 25 de febrero convertir\u00e1 el Centro de Convenciones Norte de Ifema en el punto de encuentro de la distribuci\u00f3n de veh\u00edculos, ha abierto al p\u00fablico la compra de entradas para el evento, con precios especiales para los socios de Ganvam y aquellos que pertenezcan al sector de la distribuci\u00f3n.<\/p>\n<p>\u2013\u00a0<a href=\"https:\/\/web.eventwoaccess.com\/expoganvam\/expo-ganvam\/register\"><strong>Reg\u00edstrate aqu\u00ed y adquiere tu entrada<\/strong><\/a>\u00a0\u2013<\/p>\n<p>Con el lema \u201cUn paso por delante\u201d, el evento -que contar\u00e1 para su apertura con el presidente de la CEOE, Antonio Garamendi- tiene como objetivo abordar la transformaci\u00f3n del modelo de negocio que se deriva de factores como la digitalizaci\u00f3n y la conectividad.<\/p>\n<p>En este contexto, las relaciones de las marcas con sus redes; c\u00f3mo sacar el m\u00e1ximo partido a los veh\u00edculos de ocasi\u00f3n; c\u00f3mo adaptar la posventa a una movilidad asequible, sostenible y rentable o c\u00f3mo implementar estrategias de diversificaci\u00f3n ser\u00e1n algunos de los pilares de este encuentro que, conducido por la periodista Patricia Betancort, reunir\u00e1 a m\u00e1s de medio millar de profesionales de la automoci\u00f3n.<\/p>\n<p>El evento, que se celebrar\u00e1 en el Centro de Convenciones Norte de IFEMA, cuenta con al apoyo de m\u00e1s de\u00a0<a href=\"https:\/\/www.ganvam.es\/newsletter\/expo-ganvam-ya-cuenta-con-el-apoyo-de-una-treintena-de-empresas-colaboradoras\/\">una treintena de empresas patrocinadoras<\/a>\u00a0que presentar\u00e1n sus propuestas a los asistentes, con el fin de aportar soluciones reales al cambio de paradigma que vive el sector.<\/p>\n<p>Informaci\u00f3n actualizada del evento pinchado\u00a0<a href=\"https:\/\/ganvam.es\/expoganvam\/\">aqu\u00ed<\/a>, y pr\u00f3ximamente a trav\u00e9s de la app exclusiva del evento disponible tanto para iOS como para Android.<\/p>\n","protected":false},"excerpt":{"rendered":"<p>eXpo Ganvam, que el pr\u00f3ximo d\u00eda 25 de febrero convertir\u00e1 el Centro de Convenciones Norte de Ifema en el punto de encuentro de la distribuci\u00f3n de veh\u00edculos, ha abierto al p\u00fablico la compra de entradas para el evento, con precios especiales para los socios de Ganvam y aquellos que pertenezcan al sector de la distribuci\u00f3n. [&hellip;]<\/p>\n","protected":false},"author":1,"featured_media":8983,"comment_status":"closed","ping_status":"open","sticky":false,"template":"","format":"standard","meta":{"footnotes":""},"categories":[23],"tags":[],"class_list":["post-8962","post","type-post","status-publish","format-standard","has-post-thumbnail","hentry","category-expo-ganvam-2021"],"aioseo_notices":[],"_links":{"self":[{"href":"https:\/\/ganvam.es\/expoganvam\/wp-json\/wp\/v2\/posts\/8962","targetHints":{"allow":["GET"]}}],"collection":[{"href":"https:\/\/ganvam.es\/expoganvam\/wp-json\/wp\/v2\/posts"}],"about":[{"href":"https:\/\/ganvam.es\/expoganvam\/wp-json\/wp\/v2\/types\/post"}],"author":[{"embeddable":true,"href":"https:\/\/ganvam.es\/expoganvam\/wp-json\/wp\/v2\/users\/1"}],"replies":[{"embeddable":true,"href":"https:\/\/ganvam.es\/expoganvam\/wp-json\/wp\/v2\/comments?post=8962"}],"version-history":[{"count":0,"href":"https:\/\/ganvam.es\/expoganvam\/wp-json\/wp\/v2\/posts\/8962\/revisions"}],"wp:featuredmedia":[{"embeddable":true,"href":"https:\/\/ganvam.es\/expoganvam\/wp-json\/wp\/v2\/media\/8983"}],"wp:attachment":[{"href":"https:\/\/ganvam.es\/expoganvam\/wp-json\/wp\/v2\/media?parent=8962"}],"wp:term":[{"taxonomy":"category","embeddable":true,"href":"https:\/\/ganvam.es\/expoganvam\/wp-json\/wp\/v2\/categories?post=8962"},{"taxonomy":"post_tag","embeddable":true,"href":"https:\/\/ganvam.es\/expoganvam\/wp-json\/wp\/v2\/tags?post=8962"}],"curies":[{"name":"wp","href":"https:\/\/api.w.org\/{rel}","templated":true}]}}