{"id":11529,"date":"2025-11-06T17:47:09","date_gmt":"2025-11-06T15:47:09","guid":{"rendered":"https:\/\/ganvam.es\/expoganvam\/?p=11529"},"modified":"2025-11-07T12:02:12","modified_gmt":"2025-11-07T10:02:12","slug":"ford-fundacion-axa-o-el-ceo-de-volvo-entre-los-galardonados-en-la-v-edicion-de-los-premios-ganvam","status":"publish","type":"post","link":"https:\/\/ganvam.es\/expoganvam\/ford-fundacion-axa-o-el-ceo-de-volvo-entre-los-galardonados-en-la-v-edicion-de-los-premios-ganvam\/","title":{"rendered":"Ford, Fundaci\u00f3n AXA o el CEO de Volvo, entre los galardonados en la V edici\u00f3n de los premios GANVAM"},"content":{"rendered":"<p>Durante eXpo GANVAM 2025, el congreso anual de la Asociaci\u00f3n Nacional de Vendedores y Reparadores de Veh\u00edculos (GANVAM) celebrado ayer en el Centro de Convenciones Norte de IFEMA Madrid, la patronal hizo entrega de sus tradicionales Premios GANVAM, con los que distingue a las empresas y profesionales que destacan por su contribuci\u00f3n al progreso del sector y al impulso de una movilidad m\u00e1s accesible y asequible.<\/p>\n<p><strong>Ford Espa\u00f1a, Premio a la Sostenibilidad<\/strong><\/p>\n<p>El Premio GANVAM 2025 a la Sostenibilidad fue para Ford Espa\u00f1a, en reconocimiento a su compromiso con la protecci\u00f3n del medioambiente, la reducci\u00f3n de emisiones y la gesti\u00f3n eficiente de los recursos naturales. La compa\u00f1\u00eda ha logrado importantes avances en materia medioambiental, social y de gobernanza, y ha sido reconocida recientemente como l\u00edder mundial en sostenibilidad en gesti\u00f3n h\u00eddrica y cambio clim\u00e1tico.<\/p>\n<p>El galard\u00f3n fue recogido por Fernando Acebr\u00f3n, director de Relaciones Institucionales de Ford Espa\u00f1a.<\/p>\n<p><strong>Fundaci\u00f3n AXA, Premio a la Solidaridad<\/strong><\/p>\n<p>El Premio a la Solidaridad recay\u00f3 en la Fundaci\u00f3n AXA, por su constante labor en favor de construir una sociedad m\u00e1s fuerte y mejorar la calidad de vida de las personas fomentando la seguridad y la prevenci\u00f3n de riesgos.. Iniciativas como la campa\u00f1a \u201cPonle Freno\u201d, que ha contribuido a sensibilizar a la opini\u00f3n p\u00fablica sobre la importancia de la prevenci\u00f3n y la seguridad.<\/p>\n<p>El premio fue recogido por Josep Alfonso, director general de Fundaci\u00f3n AXA.<\/p>\n<p><strong>Mintegui Industrias del Cami\u00f3n y Autom\u00f3viles Marco, Premio a la Fidelidad<\/strong><\/p>\n<p>GANVAM tambi\u00e9n quiso reconocer la lealtad y compromiso de las empresas que llevan m\u00e1s de medio siglo vinculadas a la asociaci\u00f3n.<\/p>\n<p>Mintegui Industrias del Cami\u00f3n, asociada desde 1968, fue fundada en 1926 y se ha convertido en un referente hist\u00f3rico del veh\u00edculo industrial en Espa\u00f1a.<\/p>\n<p>Por su parte, Autom\u00f3viles Marco, asociada desde 1973, es concesionario oficial en Navarra de Peugeot, Citro\u00ebn, Opel y Fiat , y destaca por su servicio de movilidad adaptado a cada perfil de cliente, ya sea particular, aut\u00f3nomo o empresa.<\/p>\n<p>El galard\u00f3n fue recogido por Antonio Araujo, director comercial del Grupo Mintegui, y C\u00e9sar Marco, CEO de Autom\u00f3viles Marco.<\/p>\n<p><strong>Jos\u00e9 Mar\u00eda Galofr\u00e9, CEO de Volvo Car Espa\u00f1a, Premio a la Trayectoria<\/strong><\/p>\n<p>El Premio GANVAM 2025 a la Trayectoria fue para Jos\u00e9 Mar\u00eda Galofr\u00e9, CEO de Volvo Car Espa\u00f1a, en reconocimiento a sus m\u00e1s de dos d\u00e9cadas de liderazgo al frente de la marca sueca. Bajo su direcci\u00f3n, Volvo se ha consolidado como la firma premium que m\u00e1s crece en Espa\u00f1a y un referente en electrificaci\u00f3n y movilidad sostenible.<\/p>\n<p>Galofr\u00e9, ingeniero industrial por la Escuela T\u00e9cnica Superior de Ingenieros Industriales de Madrid, con m\u00e1ster en Gesti\u00f3n Medioambiental por CEPADE, ha impulsado la innovaci\u00f3n y la profesionalizaci\u00f3n del sector.<\/p>\n<p><strong>Homenaje In Memoriam a Ram\u00f3n Seijas<\/strong><\/p>\n<p>La patronal rindi\u00f3 tambi\u00e9n homenaje In Memoriam a Ram\u00f3n Seijas, vicepresidente del Grupo P\u00e9rez Rumbao, que nos dejaba el pasado mes de abril. Su figura fue recordada como ejemplo de compromiso con el asociacionismo y con el desarrollo del sector de la automoci\u00f3n en Galicia.<\/p>\n<p>Su trayectoria profesional estuvo ligada al Grupo P\u00e9rez Rumbao, una de las compa\u00f1\u00edas familiares m\u00e1s relevantes del ecosistema de la automoci\u00f3n en Espa\u00f1a, con m\u00e1s de un siglo de historia. Desde su posici\u00f3n como vicepresidente, Seijas particip\u00f3 activamente en la consolidaci\u00f3n del grupo como un referente en la distribuci\u00f3n oficial y en la innovaci\u00f3n empresarial en el noroeste peninsular.<\/p>\n<p>&nbsp;<\/p>\n<p>Fotos de los premiados:<\/p>\n<p><strong>Ford Espa\u00f1a, Premio a la Sostenibilidad<\/strong><\/p>\n<p><img fetchpriority=\"high\" decoding=\"async\" class=\"alignnone wp-image-11577 size-large\" src=\"https:\/\/ganvam.es\/expoganvam\/wp-content\/uploads\/2025\/11\/Ford-Espana-Premio-GANVAM-a-la-Sostenibilidad-683x1024.jpg\" alt=\"\" width=\"683\" height=\"1024\" srcset=\"https:\/\/ganvam.es\/expoganvam\/wp-content\/uploads\/2025\/11\/Ford-Espana-Premio-GANVAM-a-la-Sostenibilidad-683x1024.jpg 683w, https:\/\/ganvam.es\/expoganvam\/wp-content\/uploads\/2025\/11\/Ford-Espana-Premio-GANVAM-a-la-Sostenibilidad-200x300.jpg 200w, https:\/\/ganvam.es\/expoganvam\/wp-content\/uploads\/2025\/11\/Ford-Espana-Premio-GANVAM-a-la-Sostenibilidad-768x1152.jpg 768w, https:\/\/ganvam.es\/expoganvam\/wp-content\/uploads\/2025\/11\/Ford-Espana-Premio-GANVAM-a-la-Sostenibilidad-1024x1536.jpg 1024w, https:\/\/ganvam.es\/expoganvam\/wp-content\/uploads\/2025\/11\/Ford-Espana-Premio-GANVAM-a-la-Sostenibilidad.jpg 1067w\" sizes=\"(max-width: 683px) 100vw, 683px\" \/><\/p>\n<p>&nbsp;<\/p>\n<p><strong>Fundaci\u00f3n AXA, Premio a la Solidaridad<\/strong><\/p>\n<p><img decoding=\"async\" class=\"alignnone wp-image-11578 size-large\" src=\"https:\/\/ganvam.es\/expoganvam\/wp-content\/uploads\/2025\/11\/Fundacion-AXA-Premio-GANVAM-a-la-Solidaridad-683x1024.jpg\" alt=\"\" width=\"683\" height=\"1024\" srcset=\"https:\/\/ganvam.es\/expoganvam\/wp-content\/uploads\/2025\/11\/Fundacion-AXA-Premio-GANVAM-a-la-Solidaridad-683x1024.jpg 683w, https:\/\/ganvam.es\/expoganvam\/wp-content\/uploads\/2025\/11\/Fundacion-AXA-Premio-GANVAM-a-la-Solidaridad-200x300.jpg 200w, https:\/\/ganvam.es\/expoganvam\/wp-content\/uploads\/2025\/11\/Fundacion-AXA-Premio-GANVAM-a-la-Solidaridad-768x1152.jpg 768w, https:\/\/ganvam.es\/expoganvam\/wp-content\/uploads\/2025\/11\/Fundacion-AXA-Premio-GANVAM-a-la-Solidaridad-1024x1536.jpg 1024w, https:\/\/ganvam.es\/expoganvam\/wp-content\/uploads\/2025\/11\/Fundacion-AXA-Premio-GANVAM-a-la-Solidaridad.jpg 1067w\" sizes=\"(max-width: 683px) 100vw, 683px\" \/><\/p>\n<p>&nbsp;<\/p>\n<p><strong>Mintegui Industrias del Cami\u00f3n, Premio a la Fidelidad<\/strong><\/p>\n<p><img decoding=\"async\" class=\"alignnone wp-image-11581 size-large\" src=\"https:\/\/ganvam.es\/expoganvam\/wp-content\/uploads\/2025\/11\/Mintegui-Industrias-del-Camion-Premio-GANVAM-a-la-Fidelidad-683x1024.jpg\" alt=\"\" width=\"683\" height=\"1024\" srcset=\"https:\/\/ganvam.es\/expoganvam\/wp-content\/uploads\/2025\/11\/Mintegui-Industrias-del-Camion-Premio-GANVAM-a-la-Fidelidad-683x1024.jpg 683w, https:\/\/ganvam.es\/expoganvam\/wp-content\/uploads\/2025\/11\/Mintegui-Industrias-del-Camion-Premio-GANVAM-a-la-Fidelidad-200x300.jpg 200w, https:\/\/ganvam.es\/expoganvam\/wp-content\/uploads\/2025\/11\/Mintegui-Industrias-del-Camion-Premio-GANVAM-a-la-Fidelidad-768x1152.jpg 768w, https:\/\/ganvam.es\/expoganvam\/wp-content\/uploads\/2025\/11\/Mintegui-Industrias-del-Camion-Premio-GANVAM-a-la-Fidelidad-1024x1536.jpg 1024w, https:\/\/ganvam.es\/expoganvam\/wp-content\/uploads\/2025\/11\/Mintegui-Industrias-del-Camion-Premio-GANVAM-a-la-Fidelidad.jpg 1067w\" sizes=\"(max-width: 683px) 100vw, 683px\" \/><\/p>\n<p>&nbsp;<\/p>\n<p><strong>Autom\u00f3viles Marco, Premio a la Fidelidad<\/strong><\/p>\n<p><img loading=\"lazy\" decoding=\"async\" class=\"alignnone wp-image-11576 size-large\" src=\"https:\/\/ganvam.es\/expoganvam\/wp-content\/uploads\/2025\/11\/Automoviles-Marco-Premio-GANVAM-a-la-Fidelidad-683x1024.jpg\" alt=\"\" width=\"683\" height=\"1024\" srcset=\"https:\/\/ganvam.es\/expoganvam\/wp-content\/uploads\/2025\/11\/Automoviles-Marco-Premio-GANVAM-a-la-Fidelidad-683x1024.jpg 683w, https:\/\/ganvam.es\/expoganvam\/wp-content\/uploads\/2025\/11\/Automoviles-Marco-Premio-GANVAM-a-la-Fidelidad-200x300.jpg 200w, https:\/\/ganvam.es\/expoganvam\/wp-content\/uploads\/2025\/11\/Automoviles-Marco-Premio-GANVAM-a-la-Fidelidad-768x1152.jpg 768w, https:\/\/ganvam.es\/expoganvam\/wp-content\/uploads\/2025\/11\/Automoviles-Marco-Premio-GANVAM-a-la-Fidelidad-1024x1536.jpg 1024w, https:\/\/ganvam.es\/expoganvam\/wp-content\/uploads\/2025\/11\/Automoviles-Marco-Premio-GANVAM-a-la-Fidelidad.jpg 1067w\" sizes=\"(max-width: 683px) 100vw, 683px\" \/><\/p>\n<p>&nbsp;<\/p>\n<p><strong>Jos\u00e9 Mar\u00eda Galofr\u00e9, CEO de Volvo Car Espa\u00f1a, Premio a la Trayectoria<\/strong><\/p>\n<p><img loading=\"lazy\" decoding=\"async\" class=\"alignnone wp-image-11580 size-large\" src=\"https:\/\/ganvam.es\/expoganvam\/wp-content\/uploads\/2025\/11\/Jose-Maria-Galofre-CEO-de-Volvo-Car-Espana-Premio-GANVAM-a-la-Trayectoria-683x1024.jpg\" alt=\"\" width=\"683\" height=\"1024\" srcset=\"https:\/\/ganvam.es\/expoganvam\/wp-content\/uploads\/2025\/11\/Jose-Maria-Galofre-CEO-de-Volvo-Car-Espana-Premio-GANVAM-a-la-Trayectoria-683x1024.jpg 683w, https:\/\/ganvam.es\/expoganvam\/wp-content\/uploads\/2025\/11\/Jose-Maria-Galofre-CEO-de-Volvo-Car-Espana-Premio-GANVAM-a-la-Trayectoria-200x300.jpg 200w, https:\/\/ganvam.es\/expoganvam\/wp-content\/uploads\/2025\/11\/Jose-Maria-Galofre-CEO-de-Volvo-Car-Espana-Premio-GANVAM-a-la-Trayectoria-768x1152.jpg 768w, https:\/\/ganvam.es\/expoganvam\/wp-content\/uploads\/2025\/11\/Jose-Maria-Galofre-CEO-de-Volvo-Car-Espana-Premio-GANVAM-a-la-Trayectoria-1024x1536.jpg 1024w, https:\/\/ganvam.es\/expoganvam\/wp-content\/uploads\/2025\/11\/Jose-Maria-Galofre-CEO-de-Volvo-Car-Espana-Premio-GANVAM-a-la-Trayectoria.jpg 1067w\" sizes=\"(max-width: 683px) 100vw, 683px\" \/><\/p>\n<p>&nbsp;<\/p>\n<p><strong>Homenaje In Memoriam a Ram\u00f3n Seijas<\/strong><\/p>\n<p><img loading=\"lazy\" decoding=\"async\" class=\"alignnone wp-image-11579 size-large\" src=\"https:\/\/ganvam.es\/expoganvam\/wp-content\/uploads\/2025\/11\/Homenaje-In-Memoriam-a-Ramon-Seijas-1024x683.jpg\" alt=\"\" width=\"800\" height=\"534\" srcset=\"https:\/\/ganvam.es\/expoganvam\/wp-content\/uploads\/2025\/11\/Homenaje-In-Memoriam-a-Ramon-Seijas-1024x683.jpg 1024w, https:\/\/ganvam.es\/expoganvam\/wp-content\/uploads\/2025\/11\/Homenaje-In-Memoriam-a-Ramon-Seijas-300x200.jpg 300w, https:\/\/ganvam.es\/expoganvam\/wp-content\/uploads\/2025\/11\/Homenaje-In-Memoriam-a-Ramon-Seijas-768x512.jpg 768w, https:\/\/ganvam.es\/expoganvam\/wp-content\/uploads\/2025\/11\/Homenaje-In-Memoriam-a-Ramon-Seijas-1536x1024.jpg 1536w, https:\/\/ganvam.es\/expoganvam\/wp-content\/uploads\/2025\/11\/Homenaje-In-Memoriam-a-Ramon-Seijas.jpg 1600w\" sizes=\"(max-width: 800px) 100vw, 800px\" \/><\/p>\n","protected":false},"excerpt":{"rendered":"<p>Durante eXpo GANVAM 2025, el congreso anual de la Asociaci\u00f3n Nacional de Vendedores y Reparadores de Veh\u00edculos (GANVAM) celebrado ayer en el Centro de Convenciones Norte de IFEMA Madrid, la patronal hizo entrega de sus tradicionales Premios GANVAM, con los que distingue a las empresas y profesionales que destacan por su contribuci\u00f3n al progreso del [&hellip;]<\/p>\n","protected":false},"author":3,"featured_media":11531,"comment_status":"closed","ping_status":"open","sticky":false,"template":"","format":"standard","meta":{"footnotes":""},"categories":[52],"tags":[],"class_list":["post-11529","post","type-post","status-publish","format-standard","has-post-thumbnail","hentry","category-expo-ganvam-2025"],"aioseo_notices":[],"_links":{"self":[{"href":"https:\/\/ganvam.es\/expoganvam\/wp-json\/wp\/v2\/posts\/11529","targetHints":{"allow":["GET"]}}],"collection":[{"href":"https:\/\/ganvam.es\/expoganvam\/wp-json\/wp\/v2\/posts"}],"about":[{"href":"https:\/\/ganvam.es\/expoganvam\/wp-json\/wp\/v2\/types\/post"}],"author":[{"embeddable":true,"href":"https:\/\/ganvam.es\/expoganvam\/wp-json\/wp\/v2\/users\/3"}],"replies":[{"embeddable":true,"href":"https:\/\/ganvam.es\/expoganvam\/wp-json\/wp\/v2\/comments?post=11529"}],"version-history":[{"count":3,"href":"https:\/\/ganvam.es\/expoganvam\/wp-json\/wp\/v2\/posts\/11529\/revisions"}],"predecessor-version":[{"id":11583,"href":"https:\/\/ganvam.es\/expoganvam\/wp-json\/wp\/v2\/posts\/11529\/revisions\/11583"}],"wp:featuredmedia":[{"embeddable":true,"href":"https:\/\/ganvam.es\/expoganvam\/wp-json\/wp\/v2\/media\/11531"}],"wp:attachment":[{"href":"https:\/\/ganvam.es\/expoganvam\/wp-json\/wp\/v2\/media?parent=11529"}],"wp:term":[{"taxonomy":"category","embeddable":true,"href":"https:\/\/ganvam.es\/expoganvam\/wp-json\/wp\/v2\/categories?post=11529"},{"taxonomy":"post_tag","embeddable":true,"href":"https:\/\/ganvam.es\/expoganvam\/wp-json\/wp\/v2\/tags?post=11529"}],"curies":[{"name":"wp","href":"https:\/\/api.w.org\/{rel}","templated":true}]}}