{"id":11526,"date":"2025-11-06T14:02:59","date_gmt":"2025-11-06T12:02:59","guid":{"rendered":"https:\/\/ganvam.es\/expoganvam\/?p=11526"},"modified":"2025-11-06T14:03:00","modified_gmt":"2025-11-06T12:03:00","slug":"expo-ganvam-2025-refuerza-el-papel-del-empresario-como-motor-de-empleo-y-progreso-economico","status":"publish","type":"post","link":"https:\/\/ganvam.es\/expoganvam\/expo-ganvam-2025-refuerza-el-papel-del-empresario-como-motor-de-empleo-y-progreso-economico\/","title":{"rendered":"eXpo GANVAM 2025 refuerza el papel del empresario como motor de empleo y progreso econ\u00f3mico"},"content":{"rendered":"<ul>\n<li><strong>La quinta edici\u00f3n de eXpo GANVAM, que ha contado con m\u00e1s de 1.800 profesionales inscritos, ha destacado el papel de las pymes en la econom\u00eda y el valor del empresario como motor de empleo de la mano de CEOE y CEPYME <\/strong><\/li>\n<li><strong>\u201cNos preocupa la situaci\u00f3n del fabricante que tiene que hacer ajustes para las multas CAFE y las CCAA que han agotado los fondos del MOVES\u201d ha destacado Jaime Barea, presidente de la asociaci\u00f3n<\/strong><\/li>\n<\/ul>\n<p><strong>Madrid, 05 de noviembre de 2025 \u2013<\/strong> Bajo el lema \u201ce-moci\u00f3n\u201d, la quinta edici\u00f3n de eXpo GANVAM, celebrado hoy en el Centro de Convenciones Norte de IFEMA Madrid, se consolida una vez m\u00e1s como referente para los profesionales del sector de la distribuci\u00f3n, venta y reparaci\u00f3n de veh\u00edculos, congregando a m\u00e1s de 1.800 profesionales inscritos.<\/p>\n<p>Durante la apertura del evento, el presidente de GANVAM, Jaime Barea, ha instado a avanzar hacia una movilidad sostenible, pero tambi\u00e9n accesible y asequible. En su intervenci\u00f3n, Barea ha defendido que la reciente Ley de Movilidad Sostenible debe ir acompa\u00f1ada de medidas concretas que garanticen la equidad y eviten que la movilidad se convierta en un producto de lujo. En esta l\u00ednea, ha a\u00f1adido que \u201cestamos ante un mercado en alza recuperando los niveles prepandemia pero lejos de los objetivos para el el\u00e9ctrico. Espa\u00f1a votaba en contra de aplicar el principio de neutralidad tecnol\u00f3gica m\u00e1s all\u00e1 del 2035. En este sentido, tenemos una previsi\u00f3n de venta de 1.130.000 unidades en turismos al cierre de 2025. Nos preocupa la situaci\u00f3n del fabricante que tiene que hacer ajustes para las multas CAFE y las CCAA que han agotado los fondos del MOVES.\u201d<\/p>\n<p>Asimismo, ha subrayado la importancia de mantener este principio de neutralidad tecnol\u00f3gica como un elemento clave para garantizar una transici\u00f3n justa hacia la movilidad de bajas emisiones. \u201cPor supuesto que s\u00ed a las cero emisiones, pero debemos pensar tambi\u00e9n en el concepto de cero neto o neutralidad de carbono, es decir, el punto en el que los gases de efecto invernadero emitidos se equilibran con la cantidad equivalente eliminada de la atm\u00f3sfera. En esa transici\u00f3n caben muchas tecnolog\u00edas, como los combustibles sint\u00e9ticos, o cualquier otra soluci\u00f3n que contribuya al objetivo com\u00fan de descarbonizar. Descarbonizar es reducir emisiones, no tecnolog\u00edas\u201d, ha explicado.<\/p>\n<p>El presidente de la patronal del sector de la distribuci\u00f3n ha insistido en que la electrificaci\u00f3n es una pieza esencial del futuro del transporte, pero no la \u00fanica. \u201cNo se trata de imponer una tecnolog\u00eda sobre otra, sino de abrir el abanico de opciones para avanzar de forma ordenada, sin dejar a nadie atr\u00e1s. Apostar por la neutralidad tecnol\u00f3gica es apostar por una transici\u00f3n flexible, eficiente y equilibrada\u201d, ha concluido.<\/p>\n<p>En esta misma l\u00ednea, la eurodiputada del Parlamento Europeo, Susana Sol\u00eds P\u00e9rez, ha coincidido en la necesidad de un marco regulatorio m\u00e1s flexible y adaptado a la realidad del sector. \u201cTenemos una burocracia asfixiante que no permite a nuestras pymes crecer, y por eso hemos puesto en marcha un paquete de simplificaci\u00f3n normativa, el llamado \u00d3mnibus, que busca eliminar solapamientos y excesos de informes sin renunciar a nuestros objetivos medioambientales\u201d, se\u00f1al\u00f3.<\/p>\n<p><strong>El 70% de la riqueza del pa\u00eds lo genera la peque\u00f1a y mediana empresa <\/strong><\/p>\n<p>El debate sobre el valor de la pyme en Europa y Espa\u00f1a cont\u00f3 tambi\u00e9n con la intervenci\u00f3n de \u00c1ngela de Miguel, presidenta de CEPYME, quien puso el foco en la dif\u00edcil situaci\u00f3n que atraviesan las peque\u00f1as y medianas empresas espa\u00f1olas. \u201cAhora mismo estamos viendo c\u00f3mo desde antes de la pandemia han desaparecido 22.700 microempresas en Espa\u00f1a, y eso es algo que realmente nos preocupa mucho\u201d, afirm\u00f3. De Miguel record\u00f3 adem\u00e1s que \u201cel 70% de la riqueza de este pa\u00eds lo genera la peque\u00f1a y la mediana empresa\u201d, y subray\u00f3 la necesidad de reforzar la colaboraci\u00f3n p\u00fablico-privada como v\u00eda para alcanzar los objetivos compartidos de crecimiento y sostenibilidad. \u201cLa empresa y la administraci\u00f3n buscamos lo mismo, pero muchas veces no estamos suficientemente alineados. Es esencial caminar juntos, porque sin la empresa no se puede construir la sociedad mejor que todos deseamos\u201d, remarc\u00f3.<\/p>\n<p>Por su parte, Rosa Santos, directora del Departamento de Empleo, Diversidad y Protecci\u00f3n Social de CEOE, centr\u00f3 su intervenci\u00f3n en el papel del empresario como motor del cambio econ\u00f3mico y social. \u201cEstamos ahora mismo rozando los 22 millones de afiliados (ocupados), que es un r\u00e9cord hist\u00f3rico, y aproximadamente 18 millones dependen directamente del sector privado. El trabajo implica integraci\u00f3n, implica diversidad, implica requisitos y tipos de vulnerabilidades\u201d, explic\u00f3. Santos puso tambi\u00e9n en valor la confianza social en el tejido empresarial, destacando que \u201cla sociedad percibe a las empresas con mayor confianza que a cualquiera de los otros agentes. Sin embargo, a menudo se confunden los intereses personales con los intereses generales, lo que desvirt\u00faa la imagen del empresario. Hay quien sit\u00faa entre sus prioridades atacar a las empresas, cuando, en realidad, hoy tenemos las mejores condiciones laborales de nuestra historia\u201d, concluy\u00f3.<\/p>\n<p><strong>Carme Artigas analiza el impacto de la IA en la automoci\u00f3n <\/strong><\/p>\n<p>Durante la jornada, la exsecretaria de Estado de Digitalizaci\u00f3n e Inteligencia Artificial, Carme Artigas, ha abordado el impacto de la digitalizaci\u00f3n y la IA en el sector de la automoci\u00f3n. Durante su intervenci\u00f3n, ha explicado c\u00f3mo la inteligencia artificial est\u00e1 transformando la relaci\u00f3n con el cliente, la gesti\u00f3n del dato y los modelos de negocio de la distribuci\u00f3n y la posventa como motor de la innovaci\u00f3n. Artigas ha se\u00f1alado que \u201ca partir de ahora, la \u00fanica ventaja competitiva por parte de las empresas va a ser los datos, el oro l\u00edquido, y c\u00f3mo la IA sea capaz de gestionar esos datos para generar un valor a\u00f1adido\u201d. En este sentido, la IA no va a reducir puestos de trabajo, sino transformar roles al facilitar la automatizaci\u00f3n de los procesos m\u00e1s mec\u00e1nicos.<\/p>\n<p><strong>Los Premios GANVAM 2025 reconocen la excelencia, la sostenibilidad y el compromiso social del sector <\/strong><\/p>\n<p>En el marco de eXpo GANVAM 2025 se ha celebrado la V edici\u00f3n de los Premios GANVAM, que distinguen la excelencia empresarial, la innovaci\u00f3n y la contribuci\u00f3n social de las compa\u00f1\u00edas y profesionales m\u00e1s destacados de la automoci\u00f3n. En esta ocasi\u00f3n, el Premio GANVAM a la Sostenibilidad ha sido otorgado a Ford Espa\u00f1a, por su liderazgo internacional en la gesti\u00f3n h\u00eddrica, la reducci\u00f3n de emisiones y la acci\u00f3n frente al cambio clim\u00e1tico. El Premio GANVAM a la Solidaridad ha reca\u00eddo en la Fundaci\u00f3n AXA, en reconocimiento a su labor en la promoci\u00f3n de la seguridad vial y la prevenci\u00f3n de riesgos, impulsando iniciativas de concienciaci\u00f3n como la campa\u00f1a \u201cPonle freno\u201d. El Premio GANVAM a la Fidelidad han distinguido la trayectoria y compromiso de Mintegui Industrias del Cami\u00f3n y Autom\u00f3viles Marco, empresas asociadas desde hace m\u00e1s de cinco d\u00e9cadas que representan la historia viva del sector. Por \u00faltimo, el Premio GANVAM a la Trayectoria ha reconocido a Jos\u00e9 Mar\u00eda Galofr\u00e9, CEO de Volvo Cars Espa\u00f1a, por su liderazgo, visi\u00f3n empresarial y contribuci\u00f3n a una movilidad m\u00e1s segura, sostenible y conectada.<\/p>\n<p>Con esta edici\u00f3n, GANVAM reafirma su papel como patronal del conocimiento y catalizador de la innovaci\u00f3n, el talento y la cooperaci\u00f3n entre empresas e instituciones. eXpo GANVAM 2025 se consolida, as\u00ed, como el gran punto de encuentro del sector, donde la emoci\u00f3n y la tecnolog\u00eda se dan la mano para construir una movilidad m\u00e1s sostenible, inteligente y humana.<\/p>\n","protected":false},"excerpt":{"rendered":"<p>La quinta edici\u00f3n de eXpo GANVAM, que ha contado con m\u00e1s de 1.800 profesionales inscritos, ha destacado el papel de las pymes en la econom\u00eda y el valor del empresario como motor de empleo de la mano de CEOE y CEPYME \u201cNos preocupa la situaci\u00f3n del fabricante que tiene que hacer ajustes para las multas [&hellip;]<\/p>\n","protected":false},"author":3,"featured_media":11527,"comment_status":"closed","ping_status":"open","sticky":false,"template":"","format":"standard","meta":{"footnotes":""},"categories":[52],"tags":[],"class_list":["post-11526","post","type-post","status-publish","format-standard","has-post-thumbnail","hentry","category-expo-ganvam-2025"],"aioseo_notices":[],"_links":{"self":[{"href":"https:\/\/ganvam.es\/expoganvam\/wp-json\/wp\/v2\/posts\/11526","targetHints":{"allow":["GET"]}}],"collection":[{"href":"https:\/\/ganvam.es\/expoganvam\/wp-json\/wp\/v2\/posts"}],"about":[{"href":"https:\/\/ganvam.es\/expoganvam\/wp-json\/wp\/v2\/types\/post"}],"author":[{"embeddable":true,"href":"https:\/\/ganvam.es\/expoganvam\/wp-json\/wp\/v2\/users\/3"}],"replies":[{"embeddable":true,"href":"https:\/\/ganvam.es\/expoganvam\/wp-json\/wp\/v2\/comments?post=11526"}],"version-history":[{"count":1,"href":"https:\/\/ganvam.es\/expoganvam\/wp-json\/wp\/v2\/posts\/11526\/revisions"}],"predecessor-version":[{"id":11528,"href":"https:\/\/ganvam.es\/expoganvam\/wp-json\/wp\/v2\/posts\/11526\/revisions\/11528"}],"wp:featuredmedia":[{"embeddable":true,"href":"https:\/\/ganvam.es\/expoganvam\/wp-json\/wp\/v2\/media\/11527"}],"wp:attachment":[{"href":"https:\/\/ganvam.es\/expoganvam\/wp-json\/wp\/v2\/media?parent=11526"}],"wp:term":[{"taxonomy":"category","embeddable":true,"href":"https:\/\/ganvam.es\/expoganvam\/wp-json\/wp\/v2\/categories?post=11526"},{"taxonomy":"post_tag","embeddable":true,"href":"https:\/\/ganvam.es\/expoganvam\/wp-json\/wp\/v2\/tags?post=11526"}],"curies":[{"name":"wp","href":"https:\/\/api.w.org\/{rel}","templated":true}]}}