{"id":11507,"date":"2025-11-04T12:34:03","date_gmt":"2025-11-04T10:34:03","guid":{"rendered":"https:\/\/ganvam.es\/expoganvam\/?p=11507"},"modified":"2025-11-04T12:34:03","modified_gmt":"2025-11-04T10:34:03","slug":"innovacion-emprendimiento-y-talento-las-claves-de-expo-ganvam-2025","status":"publish","type":"post","link":"https:\/\/ganvam.es\/expoganvam\/innovacion-emprendimiento-y-talento-las-claves-de-expo-ganvam-2025\/","title":{"rendered":"Innovaci\u00f3n, emprendimiento y talento: las claves de eXpo GANVAM 2025"},"content":{"rendered":"<ul>\n<li><strong>El Centro de Convenciones Norte de IFEMA acoger\u00e1 ma\u00f1ana, 5 de noviembre la quinta edici\u00f3n del encuentro anual del sector de la venta y reparaci\u00f3n de veh\u00edculos<\/strong><\/li>\n<li><strong>Este a\u00f1o eXpo GANVAM 2025 contar\u00e1 con la participaci\u00f3n de figuras clave como Carme Artigas y Sergio Scariolo<\/strong><\/li>\n<\/ul>\n<p>Bajo el lema \u201ce-moci\u00f3n\u201d, el pr\u00f3ximo 5 de noviembre el Centro de Convenciones Norte de IFEMA Madrid acoger\u00e1 la quinta edici\u00f3n de eXpo GANVAM, el encuentro de referencia para los profesionales del sector de la distribuci\u00f3n, venta y reparaci\u00f3n de veh\u00edculos. El evento combinar\u00e1 ponencias, mesas redondas y talleres pr\u00e1cticos en un formato televisivo conducido por Patricia Betancort, poniendo el foco en los temas que est\u00e1n marcado el futuro de la automoci\u00f3n: la innovaci\u00f3n y la atracci\u00f3n del talento.<\/p>\n<p>La jornada comenzar\u00e1 con las intervenciones del director general de GANVAM, Fernando Migu\u00e9lez, y del presidente de GANVAM, Jaime Barea, quienes dar\u00e1n paso a la exsecretaria de Estado de Digitalizaci\u00f3n e Inteligencia Artificial, Carme Artigas, que abordar\u00e1 c\u00f3mo la IA est\u00e1 redefiniendo la relaci\u00f3n con el cliente, la gesti\u00f3n del dato y los modelos de negocio en la distribuci\u00f3n de veh\u00edculos. Su ponencia marcar\u00e1 el tono de un encuentro centrado en c\u00f3mo la tecnolog\u00eda est\u00e1 transformando la movilidad y generando nuevas oportunidades empresariales.<\/p>\n<p>Por otra parte, Sergio Scariolo, exseleccionador nacional y actual entrenador del Real Madrid de baloncesto, participar\u00e1 con una charla inspiracional sobre liderazgo, trabajo en equipo y resiliencia, trasladando al \u00e1mbito empresarial las claves del \u00e9xito colectivo y la gesti\u00f3n emocional del cambio.<\/p>\n<p><strong>eXpo GANVAM impulsa el acceso al mercado laboral con iniciativas como la de Enterprise con Aldeas Infantiles<\/strong><\/p>\n<p>Esta edici\u00f3n cuenta con un enfoque especialmente social. Gracias a la colaboraci\u00f3n entre Enterprise Mobility y Aldeas Infantiles, una quincena de j\u00f3venes en situaci\u00f3n de vulnerabilidad participar\u00e1 en una jornada de aprendizaje y convivencia en torno al mundo del motor y la movilidad.<\/p>\n<p>Durante eXpo GANVAM 2025, estos estudiantes \u2014acompa\u00f1ados por monitores y mentores de ambas organizaciones\u2014 podr\u00e1n asistir a ponencias, talleres y actividades pr\u00e1cticas para conocer de primera mano c\u00f3mo funciona un sector en plena transformaci\u00f3n tecnol\u00f3gica. La iniciativa busca acercar la automoci\u00f3n a los j\u00f3venes, fomentar vocaciones t\u00e9cnicas y facilitar su inserci\u00f3n laboral, conectando empresas que necesitan talento con quienes buscan su primera oportunidad profesional.<\/p>\n<p>\u201cCon esta iniciativa, reforzamos nuestro compromiso con la igualdad de oportunidades y la empleabilidad juvenil, mostrando que el futuro del sector debe ser inclusivo y con impacto social positivo\u201d, explica Jaime Barea, presidente de GANVAM.<\/p>\n<p><strong>Empresas j\u00f3venes que ya est\u00e1n configurando la movilidad del futuro dar\u00e1n su visi\u00f3n del sector<\/strong><\/p>\n<p>En su apuesta por impulsar el emprendimiento y dar visibilidad a proyectos innovadores, eXpo GANVAM 2025 acoger\u00e1 la mesa redonda \u201cEmprendedores y startups que est\u00e1n cambiando la movilidad\u201d, moderada por Ver\u00f3nica Garc\u00eda, experta en Movilidad Sostenible. La sesi\u00f3n reunir\u00e1 a referentes del ecosistema emprendedor como Carlos Poveda Rey, fundador de Crisalion Mobility, pionera en movilidad el\u00e9ctrica terrestre y a\u00e9rea; Mariano de Diego Biosca, CEO y cofundador de Vertiports Network, dedicada al desarrollo de infraestructuras y sistemas avanzados de movilidad urbana; y David Vallesp\u00edn, fundador y coCEO de Eranovum Energy, especializada en infraestructura de recarga y generaci\u00f3n de energ\u00eda limpia.<\/p>\n<p>Los ponentes compartir\u00e1n su experiencia en la creaci\u00f3n de proyectos innovadores que integran tecnol\u00f3gica, la eficiencia de recursos y el impacto medioambiental, y debatir\u00e1n sobre c\u00f3mo las startups est\u00e1n impulsando la transici\u00f3n hacia una movilidad m\u00e1s conectada y responsable.<\/p>\n<p>eXpo GANVAM 2025 tambi\u00e9n pondr\u00e1 en valor el papel de las pymes y el empresario como motor de empleo y riqueza, destacando su capacidad de adaptaci\u00f3n en un contexto de cambio tecnol\u00f3gico. Con el respaldo de CEOE y CEPYME, el encuentro reconocer\u00e1 el esfuerzo del empresariado del sector por mantener la competitividad y fortalecer la econom\u00eda productiva a nivel nacional. Adem\u00e1s, tambi\u00e9n se tendr\u00e1 una visi\u00f3n a nivel europeo de la mano de Susana Sol\u00eds, Eurodiputada del Parlamento Europeo.<\/p>\n<p>Como cada a\u00f1o, durante la jornada se celebrar\u00e1 la V edici\u00f3n de los Premios GANVAM, que reconocen la excelencia, innovaci\u00f3n y compromiso social de las empresas y profesionales de la automoci\u00f3n. Este a\u00f1o se entregar\u00e1n cuatro galardones: el Premio GANVAM a la Sostenibilidad, el Premio GANVAM a la Solidaridad, el Premio GANVAM a la Fidelidad y el Premio GANVAM a la Trayectoria.<\/p>\n","protected":false},"excerpt":{"rendered":"<p>El Centro de Convenciones Norte de IFEMA acoger\u00e1 ma\u00f1ana, 5 de noviembre la quinta edici\u00f3n del encuentro anual del sector de la venta y reparaci\u00f3n de veh\u00edculos Este a\u00f1o eXpo GANVAM 2025 contar\u00e1 con la participaci\u00f3n de figuras clave como Carme Artigas y Sergio Scariolo Bajo el lema \u201ce-moci\u00f3n\u201d, el pr\u00f3ximo 5 de noviembre el [&hellip;]<\/p>\n","protected":false},"author":3,"featured_media":11291,"comment_status":"closed","ping_status":"open","sticky":false,"template":"","format":"standard","meta":{"footnotes":""},"categories":[52],"tags":[],"class_list":["post-11507","post","type-post","status-publish","format-standard","has-post-thumbnail","hentry","category-expo-ganvam-2025"],"aioseo_notices":[],"_links":{"self":[{"href":"https:\/\/ganvam.es\/expoganvam\/wp-json\/wp\/v2\/posts\/11507","targetHints":{"allow":["GET"]}}],"collection":[{"href":"https:\/\/ganvam.es\/expoganvam\/wp-json\/wp\/v2\/posts"}],"about":[{"href":"https:\/\/ganvam.es\/expoganvam\/wp-json\/wp\/v2\/types\/post"}],"author":[{"embeddable":true,"href":"https:\/\/ganvam.es\/expoganvam\/wp-json\/wp\/v2\/users\/3"}],"replies":[{"embeddable":true,"href":"https:\/\/ganvam.es\/expoganvam\/wp-json\/wp\/v2\/comments?post=11507"}],"version-history":[{"count":1,"href":"https:\/\/ganvam.es\/expoganvam\/wp-json\/wp\/v2\/posts\/11507\/revisions"}],"predecessor-version":[{"id":11508,"href":"https:\/\/ganvam.es\/expoganvam\/wp-json\/wp\/v2\/posts\/11507\/revisions\/11508"}],"wp:featuredmedia":[{"embeddable":true,"href":"https:\/\/ganvam.es\/expoganvam\/wp-json\/wp\/v2\/media\/11291"}],"wp:attachment":[{"href":"https:\/\/ganvam.es\/expoganvam\/wp-json\/wp\/v2\/media?parent=11507"}],"wp:term":[{"taxonomy":"category","embeddable":true,"href":"https:\/\/ganvam.es\/expoganvam\/wp-json\/wp\/v2\/categories?post=11507"},{"taxonomy":"post_tag","embeddable":true,"href":"https:\/\/ganvam.es\/expoganvam\/wp-json\/wp\/v2\/tags?post=11507"}],"curies":[{"name":"wp","href":"https:\/\/api.w.org\/{rel}","templated":true}]}}