{"id":11284,"date":"2025-10-07T10:26:55","date_gmt":"2025-10-07T08:26:55","guid":{"rendered":"https:\/\/ganvam.es\/expoganvam\/?p=11284"},"modified":"2025-10-07T10:26:55","modified_gmt":"2025-10-07T08:26:55","slug":"carme-artigas-analizara-en-expo-ganvam-2025-como-la-ia-y-la-gestion-del-dato-van-a-transformar-tu-negocio","status":"publish","type":"post","link":"https:\/\/ganvam.es\/expoganvam\/carme-artigas-analizara-en-expo-ganvam-2025-como-la-ia-y-la-gestion-del-dato-van-a-transformar-tu-negocio\/","title":{"rendered":"Carme Artigas analizar\u00e1 en eXpo GANVAM 2025 c\u00f3mo la IA y la gesti\u00f3n del dato van a transformar tu negocio"},"content":{"rendered":"<p>eXpo GANVAM 2025, que reunir\u00e1 en IFEMA Madrid el pr\u00f3ximo 5 de noviembre a m\u00e1s de 1.500 profesionales del sector de la automoci\u00f3n y la movilidad, contar\u00e1 con Carme Artigas, una de las mayores expertas de Europa en datos, transformaci\u00f3n digital y exsecretaria de Estado de Digitalizaci\u00f3n e Inteligencia Artificial.<\/p>\n<p>Con una amplia trayectoria en el \u00e1mbito p\u00fablico y privado, Artigas profundizar\u00e1 en c\u00f3mo la inteligencia artificial y la gesti\u00f3n del dato -al que califica de \u201cnueva moneda\u201d- pueden optimizar procesos y personalizar la experiencia del cliente.<\/p>\n<p>El an\u00e1lisis de Carme ser\u00e1 de especial inter\u00e9s para los profesionales del sector, que atraviesan un periodo de transformaci\u00f3n derivado de estas tendencias tecnol\u00f3gicas. Adem\u00e1s de conocer el impacto de estas \u00faltimas tendencias, los congresistas podr\u00e1n comprender c\u00f3mo implementar estos avances de manera pr\u00e1ctica y generar ventajas competitivas en un entorno cada vez m\u00e1s exigente.<\/p>\n<p>Toda la informaci\u00f3n sobre el evento se puede consultar en la <a href=\"https:\/\/ganvam.es\/expoganvam\/\">p\u00e1gina oficial<\/a>. Reg\u00edstrate <a href=\"https:\/\/myaccess.events\/expoganvam2025\/expo-ganvam-2025\/register\">aqu\u00ed<\/a> para adquirir tus entradas y no perderte esta cita clave en el mundo de la movilidad.<\/p>\n","protected":false},"excerpt":{"rendered":"<p>eXpo GANVAM 2025, que reunir\u00e1 en IFEMA Madrid el pr\u00f3ximo 5 de noviembre a m\u00e1s de 1.500 profesionales del sector de la automoci\u00f3n y la movilidad, contar\u00e1 con Carme Artigas, una de las mayores expertas de Europa en datos, transformaci\u00f3n digital y exsecretaria de Estado de Digitalizaci\u00f3n e Inteligencia Artificial. Con una amplia trayectoria en [&hellip;]<\/p>\n","protected":false},"author":3,"featured_media":11285,"comment_status":"closed","ping_status":"open","sticky":false,"template":"","format":"standard","meta":{"footnotes":""},"categories":[52],"tags":[],"class_list":["post-11284","post","type-post","status-publish","format-standard","has-post-thumbnail","hentry","category-expo-ganvam-2025"],"aioseo_notices":[],"_links":{"self":[{"href":"https:\/\/ganvam.es\/expoganvam\/wp-json\/wp\/v2\/posts\/11284","targetHints":{"allow":["GET"]}}],"collection":[{"href":"https:\/\/ganvam.es\/expoganvam\/wp-json\/wp\/v2\/posts"}],"about":[{"href":"https:\/\/ganvam.es\/expoganvam\/wp-json\/wp\/v2\/types\/post"}],"author":[{"embeddable":true,"href":"https:\/\/ganvam.es\/expoganvam\/wp-json\/wp\/v2\/users\/3"}],"replies":[{"embeddable":true,"href":"https:\/\/ganvam.es\/expoganvam\/wp-json\/wp\/v2\/comments?post=11284"}],"version-history":[{"count":1,"href":"https:\/\/ganvam.es\/expoganvam\/wp-json\/wp\/v2\/posts\/11284\/revisions"}],"predecessor-version":[{"id":11286,"href":"https:\/\/ganvam.es\/expoganvam\/wp-json\/wp\/v2\/posts\/11284\/revisions\/11286"}],"wp:featuredmedia":[{"embeddable":true,"href":"https:\/\/ganvam.es\/expoganvam\/wp-json\/wp\/v2\/media\/11285"}],"wp:attachment":[{"href":"https:\/\/ganvam.es\/expoganvam\/wp-json\/wp\/v2\/media?parent=11284"}],"wp:term":[{"taxonomy":"category","embeddable":true,"href":"https:\/\/ganvam.es\/expoganvam\/wp-json\/wp\/v2\/categories?post=11284"},{"taxonomy":"post_tag","embeddable":true,"href":"https:\/\/ganvam.es\/expoganvam\/wp-json\/wp\/v2\/tags?post=11284"}],"curies":[{"name":"wp","href":"https:\/\/api.w.org\/{rel}","templated":true}]}}