{"id":11168,"date":"2025-09-10T11:49:28","date_gmt":"2025-09-10T09:49:28","guid":{"rendered":"https:\/\/ganvam.es\/expoganvam\/?p=11168"},"modified":"2025-10-24T14:31:07","modified_gmt":"2025-10-24T12:31:07","slug":"la-quinta-edicion-de-expo-ganvam-cuenta-ya-con-mas-de-medio-centenar-de-empresas-colaboradoras","status":"publish","type":"post","link":"https:\/\/ganvam.es\/expoganvam\/la-quinta-edicion-de-expo-ganvam-cuenta-ya-con-mas-de-medio-centenar-de-empresas-colaboradoras\/","title":{"rendered":"La quinta edici\u00f3n de eXpo GANVAM cuenta ya con m\u00e1s de medio centenar de empresas colaboradoras"},"content":{"rendered":"<p class=\"western\" lang=\"es-ES-u-co-trad\" align=\"justify\">La quinta edici\u00f3n de eXpo GANVAM, que se celebra el pr\u00f3ximo 5 de noviembre, volver\u00e1 a convertir el Centro de Convenciones Norte de IFEMA Madrid en el punto de encuentro del sector de la distribuci\u00f3n de veh\u00edculos, para lo que ya cuenta con el apoyo de m\u00e1s de medio centenar de empresas colaboradoras, que aportar\u00e1n ideas y soluciones reales a los retos actuales del sector.<\/p>\n<p align=\"justify\">Tras el \u00e9xito del a\u00f1o pasado, GANVAM volver\u00e1 a apostar por el innovador formato de programa de televisi\u00f3n en vivo, confiando de nuevo en la periodista Patricia Betancort para conducirlo.<\/p>\n<p align=\"justify\">A trav\u00e9s de una amplia agenda, elaborada por la Asociaci\u00f3n Nacional de Vendedores y Reparadores de Veh\u00edculos (GANVAM), se analizar\u00e1n los temas de relevancia para el sector de la movilidad de la mano de ponentes y patrocinadores, en diferentes formatos como sesiones plenarias, mesas redondas, master classes, quick classes y talleres de trabajo.<\/p>\n<p class=\"western\" lang=\"es-ES-u-co-trad\" align=\"justify\">Bajo el lema \u201cE-moci\u00f3n\u201d, la jornada seguir\u00e1 generando un espacio id\u00f3neo para dar a conocer nuevas propuestas de negocio e innovaci\u00f3n a los asistentes. De esta manera, eXpo GANVAM expondr\u00e1 un completo ecosistema de partners que no solo permitir\u00e1n abrir l\u00edneas de diversificaci\u00f3n de negocio o acelerar la transformaci\u00f3n digital, sino tambi\u00e9n adaptarse profesionalmente a los nuevos perfiles que va a exigir el mercado, envuelto en un cambio de paradigma.<\/p>\n<p class=\"western\" lang=\"es-ES-u-co-trad\" align=\"justify\">Aivora, Aufinity, Auto1.com, autobiz, Ayvens, Basf (Glasurit y R-M), BBVA Consumer Finance, Bumper, CaixaBank Payments &amp; Consumer, CarGarantie, Caser, Cesvimap, Cetelem, Coches.com, coches.net, DAT Ib\u00e9rica, DF-Server, Enterprise, ERSM, GarantiPLUS, Geimex, General Paint, Gesthispania, Hiflow, Ibercaja, Iberdrola, Kaavan, Lever Touch, LoJack, Manheim, Midas, Moeve, MotorK, NOBE, Onlogist, Opisto, Opteven, Pecovasa Renfe Mercanc\u00edas, PPG, Quiter, Qvadrigas Abogados, Roberlo, Sabadell Consumer Finance, Santander Consumer Finance, Sinnek, Sofinco, Solera, Sumauto, Veiko* o Vera IB \u00a0son algunas de las empresas que ya han confirmado su presencia.<\/p>\n<p class=\"western\" lang=\"es-ES-u-co-trad\" align=\"justify\">Para estar informado y al tanto de todas las novedades del evento seg\u00fan se vayan produciendo puedes acceder a la web de eXpo GANVAM:\u00a0<u><a href=\"https:\/\/ganvam.es\/expoganvam\/\"><b>https:\/\/ganvam.es\/expoganvam\/<\/b><\/a><\/u>.<\/p>\n","protected":false},"excerpt":{"rendered":"<p>La quinta edici\u00f3n de eXpo GANVAM, que se celebra el pr\u00f3ximo 5 de noviembre, volver\u00e1 a convertir el Centro de Convenciones Norte de IFEMA Madrid en el punto de encuentro del sector de la distribuci\u00f3n de veh\u00edculos, para lo que ya cuenta con el apoyo de m\u00e1s de medio centenar de empresas colaboradoras, que aportar\u00e1n [&hellip;]<\/p>\n","protected":false},"author":1,"featured_media":11169,"comment_status":"closed","ping_status":"open","sticky":false,"template":"","format":"standard","meta":{"footnotes":""},"categories":[52],"tags":[],"class_list":["post-11168","post","type-post","status-publish","format-standard","has-post-thumbnail","hentry","category-expo-ganvam-2025"],"aioseo_notices":[],"_links":{"self":[{"href":"https:\/\/ganvam.es\/expoganvam\/wp-json\/wp\/v2\/posts\/11168","targetHints":{"allow":["GET"]}}],"collection":[{"href":"https:\/\/ganvam.es\/expoganvam\/wp-json\/wp\/v2\/posts"}],"about":[{"href":"https:\/\/ganvam.es\/expoganvam\/wp-json\/wp\/v2\/types\/post"}],"author":[{"embeddable":true,"href":"https:\/\/ganvam.es\/expoganvam\/wp-json\/wp\/v2\/users\/1"}],"replies":[{"embeddable":true,"href":"https:\/\/ganvam.es\/expoganvam\/wp-json\/wp\/v2\/comments?post=11168"}],"version-history":[{"count":2,"href":"https:\/\/ganvam.es\/expoganvam\/wp-json\/wp\/v2\/posts\/11168\/revisions"}],"predecessor-version":[{"id":11403,"href":"https:\/\/ganvam.es\/expoganvam\/wp-json\/wp\/v2\/posts\/11168\/revisions\/11403"}],"wp:featuredmedia":[{"embeddable":true,"href":"https:\/\/ganvam.es\/expoganvam\/wp-json\/wp\/v2\/media\/11169"}],"wp:attachment":[{"href":"https:\/\/ganvam.es\/expoganvam\/wp-json\/wp\/v2\/media?parent=11168"}],"wp:term":[{"taxonomy":"category","embeddable":true,"href":"https:\/\/ganvam.es\/expoganvam\/wp-json\/wp\/v2\/categories?post=11168"},{"taxonomy":"post_tag","embeddable":true,"href":"https:\/\/ganvam.es\/expoganvam\/wp-json\/wp\/v2\/tags?post=11168"}],"curies":[{"name":"wp","href":"https:\/\/api.w.org\/{rel}","templated":true}]}}