{"id":10848,"date":"2024-10-11T11:37:57","date_gmt":"2024-10-11T09:37:57","guid":{"rendered":"https:\/\/ganvam.es\/expoganvam\/?p=10848"},"modified":"2024-10-11T13:18:17","modified_gmt":"2024-10-11T11:18:17","slug":"expo-ganvam-2024-se-reafirma-como-punto-de-encuentro-clave-para-el-sector-de-la-movilidad-en-espana","status":"publish","type":"post","link":"https:\/\/ganvam.es\/expoganvam\/expo-ganvam-2024-se-reafirma-como-punto-de-encuentro-clave-para-el-sector-de-la-movilidad-en-espana\/","title":{"rendered":"eXpo GANVAM 2024 se reafirma como punto de encuentro clave para el sector de la movilidad en Espa\u00f1a"},"content":{"rendered":"<ul>\n<li>M\u00e1s de 2.000 personas pasaron por esta jornada que cuenta con el apoyo de casi 60 empresas.<\/li>\n<li>La cuarta edici\u00f3n del congreso se celebr\u00f3 en formato de programa de TV en directo presentado por Patricia Betancort<\/li>\n<li>\u201cGanvam tiene el objetivo de convertirse en la patronal del conocimiento para acompa\u00f1ar a todos los asociados a enfrentar los cambios del sector, adem\u00e1s de influir en la administraci\u00f3n y en los actores del mercado\u201d<\/li>\n<\/ul>\n<p><strong>Madrid<\/strong><strong>, 10 de octubre de 2024<\/strong> \u2013 La cuarta edici\u00f3n de eXpo GANVAM se posiciona un a\u00f1o m\u00e1s como evento referente en el sector de la movilidad en Espa\u00f1a. Bajo el lema \u201cX la movilidad de todos\u201d, esta cita anual ha congregado a m\u00e1s de 2.000 personas, consolid\u00e1ndose como un punto de encuentro ineludible para profesionales y expertos del sector.<\/p>\n<p>Durante esta jornada, que simula un programa de televisi\u00f3n en directo conducido por la reconocida periodista Patricia Betancort, se repasaron y analizaron en profundidad los desaf\u00edos y oportunidades a los que se enfrenta la movilidad, en un momento crucial y de transformaci\u00f3n para el sector. El presidente de GANVAM, Ra\u00fal Palacios, explic\u00f3 durante la inauguraci\u00f3n que \u201c<em>GANVAM va hacia donde va el sector, y tiene el objetivo de convertirse en la patronal del conocimiento, de manera que pueda acompa\u00f1ar a todos los asociados a enfrentar los cambios del mercado\u201d.<\/em> Adem\u00e1s, ha confesado que \u201c<em>lo que se necesita es convertir esta patronal en un elemento que de verdad pueda influir, no solo en la administraci\u00f3n, sino tambi\u00e9n en los grandes actores del mercado. El objetivo es crear un marco bueno para que las pymes del sector puedan enfrentar esta transformaci\u00f3n<\/em>\u201d.<\/p>\n<p><strong>La antig\u00fcedad del parque automovil\u00edstico en Espa\u00f1a se convierte en protagonista de eXpo GANVAM 2024<\/strong><\/p>\n<p>Uno de los temas centrales de la jornada ha sido la creciente antig\u00fcedad del parque automovil\u00edstico en Espa\u00f1a, un reflejo de que no todas las familias disponen de una renta suficiente como para hacer frente a una renovaci\u00f3n de sus veh\u00edculos. Esta problem\u00e1tica pone en evidencia la necesidad de revisar las actuales pol\u00edticas de incentivos para el achatarramiento de veh\u00edculos antiguos, un tema en el que el Ra\u00fal Palacios ha hecho especial \u00e9nfasis. \u201c<em>Desde GANVAM no comprendemos que no haya nadie que alce la voz, no solo ante la administraci\u00f3n, sino tambi\u00e9n hacia la sociedad, y decir que nos estamos equivocando<\/em>\u201d, ha destacado el presidente durante su intervenci\u00f3n, apuntando que \u201c<em>apostar \u00fanicamente por el veh\u00edculo el\u00e9ctrico no disminuye las emisiones. Tenemos el parque m\u00e1s antiguo de los \u00faltimos 30 a\u00f1os y demonizar el veh\u00edculo de combusti\u00f3n solo hace que haya m\u00e1s emisiones\u201d<\/em>.<\/p>\n<p>En este sentido, el presidente ha destacado la propuesta de GANVAM sobre el plan de achatarramiento que plantea la patronal. \u201c<em>La \u00fanica soluci\u00f3n es achatarrar, por eso nosotros hemos presentado este proyecto: retiras el veh\u00edculo contaminante y lo cambias por otro menos contaminante. Con esto conseguimos que aumenten las ventas, que la econom\u00eda de las empresas incremente y que nuestras carreteras sean m\u00e1s seguras<\/em>\u201d, ha explicado. Y ha advertido, por otra parte, que \u201c<em>tenemos que ir preparando el mercado a esta nueva movilidad, buscando un equilibrio entre las empresas y haciendo que haya una oferta que sea sana y no deje atr\u00e1s a nadie\u201d.<\/em> Al respecto, Ra\u00fal Palacios ha hecho alusi\u00f3n a la \u00faltima l\u00ednea de ayudas que la presidenta de la Comunidad de Madrid, Isabel D\u00edaz Ayuso, adelant\u00f3 la semana pasada en la Asamblea de Madrid, con el objetivo de \u201c<em>facilitar que se achatarren viejos veh\u00edculos y que se adquieran otros nuevos, mientras sean menos contaminantes. De combusti\u00f3n o el\u00e9ctricos, no es nuestra competencia, porque nosotros no estamos para imponer a nadie nada\u201d. <\/em><\/p>\n<p>Otro de los temas clave ha sido el impacto de la inteligencia artificial en la distribuci\u00f3n automovil\u00edstica. El sector est\u00e1 viviendo una transformaci\u00f3n radical con la digitalizaci\u00f3n, adaptando sus modelos de negocio a las nuevas tendencias tecnol\u00f3gicas. Para profundizar sobre este tema, el experto en tecnolog\u00eda y transformaci\u00f3n digital, Enrique Dans, ha subrayado la importancia que tienen las empresas a la hora de anticiparse y aprovechar las oportunidades que la IA. \u201c<em>No hay ninguna protecci\u00f3n buena contra la tecnolog\u00eda que no sea la propia tecnolog\u00eda. Todo lo hemos convertido en datos y ahora que todo est\u00e1 digitalizado, debemos utilizarlo para innovar. Y en este sentido, hay que desarrollar nuevas habilidades y aprender, dejando de lado lo que cre\u00edamos que antes era la forma correcta de hacer las cosas<\/em>\u201d ha explicado el experto.<\/p>\n","protected":false},"excerpt":{"rendered":"<p>M\u00e1s de 2.000 personas pasaron por esta jornada que cuenta con el apoyo de casi 60 empresas. La cuarta edici\u00f3n del congreso se celebr\u00f3 en formato de programa de TV en directo presentado por Patricia Betancort \u201cGanvam tiene el objetivo de convertirse en la patronal del conocimiento para acompa\u00f1ar a todos los asociados a enfrentar [&hellip;]<\/p>\n","protected":false},"author":3,"featured_media":10849,"comment_status":"closed","ping_status":"open","sticky":false,"template":"","format":"standard","meta":{"footnotes":""},"categories":[49],"tags":[],"class_list":["post-10848","post","type-post","status-publish","format-standard","has-post-thumbnail","hentry","category-expo-ganvam-2024"],"aioseo_notices":[],"_links":{"self":[{"href":"https:\/\/ganvam.es\/expoganvam\/wp-json\/wp\/v2\/posts\/10848","targetHints":{"allow":["GET"]}}],"collection":[{"href":"https:\/\/ganvam.es\/expoganvam\/wp-json\/wp\/v2\/posts"}],"about":[{"href":"https:\/\/ganvam.es\/expoganvam\/wp-json\/wp\/v2\/types\/post"}],"author":[{"embeddable":true,"href":"https:\/\/ganvam.es\/expoganvam\/wp-json\/wp\/v2\/users\/3"}],"replies":[{"embeddable":true,"href":"https:\/\/ganvam.es\/expoganvam\/wp-json\/wp\/v2\/comments?post=10848"}],"version-history":[{"count":3,"href":"https:\/\/ganvam.es\/expoganvam\/wp-json\/wp\/v2\/posts\/10848\/revisions"}],"predecessor-version":[{"id":10852,"href":"https:\/\/ganvam.es\/expoganvam\/wp-json\/wp\/v2\/posts\/10848\/revisions\/10852"}],"wp:featuredmedia":[{"embeddable":true,"href":"https:\/\/ganvam.es\/expoganvam\/wp-json\/wp\/v2\/media\/10849"}],"wp:attachment":[{"href":"https:\/\/ganvam.es\/expoganvam\/wp-json\/wp\/v2\/media?parent=10848"}],"wp:term":[{"taxonomy":"category","embeddable":true,"href":"https:\/\/ganvam.es\/expoganvam\/wp-json\/wp\/v2\/categories?post=10848"},{"taxonomy":"post_tag","embeddable":true,"href":"https:\/\/ganvam.es\/expoganvam\/wp-json\/wp\/v2\/tags?post=10848"}],"curies":[{"name":"wp","href":"https:\/\/api.w.org\/{rel}","templated":true}]}}