{"id":10662,"date":"2024-09-11T17:01:11","date_gmt":"2024-09-11T15:01:11","guid":{"rendered":"https:\/\/ganvam.es\/expoganvam\/?p=10662"},"modified":"2024-09-11T17:07:44","modified_gmt":"2024-09-11T15:07:44","slug":"ya-estan-disponibles-las-entradas-para-la-cuarta-edicion-de-expo-ganvam","status":"publish","type":"post","link":"https:\/\/ganvam.es\/expoganvam\/ya-estan-disponibles-las-entradas-para-la-cuarta-edicion-de-expo-ganvam\/","title":{"rendered":"Ya est\u00e1n disponibles las entradas para la cuarta edici\u00f3n de eXpo GANVAM"},"content":{"rendered":"<p>La Asociaci\u00f3n Nacional de Vendedores y Reparadores de Veh\u00edculos (GANVAM) ya ha puesto a la venta las entradas para la cuarta edici\u00f3n de su congreso anual, eXpo GANVAM 2024, que se celebrar\u00e1 el pr\u00f3ximo 10 de octubre en Madrid.<\/p>\n<p>Bajo el lema \u201cX la movilidad de todos\u201d, el evento tendr\u00e1 lugar en el Centro de Convenciones Norte de IFEMA y reunir\u00e1 a los principales actores del sector de la movilidad, donde se crear\u00e1n sinergias, se compartir\u00e1n experiencias y se generar\u00e1n nuevas oportunidades de negocio.<\/p>\n<p>Las entradas cuentan con precios especiales tanto para los asociados de GANVAM como para grupos. El precio de la entrada general es de 300 euros (IVA incluido), mientras que los asociados podr\u00e1n adquirir sus entradas desde 90 euros (IVA incluido).<\/p>\n<p>El congreso, que reunir\u00e1 a m\u00e1s de un millar de profesionales, repetir\u00e1 el formato de programa de televisi\u00f3n en vivo de su anterior edici\u00f3n, en este caso conducido por la periodista y presentadora, Patricia Betancort.<\/p>\n<ul>\n<li>Puedes consultar los contenidos de la jornada en el siguiente enlace: <a href=\"https:\/\/ganvam.es\/expoganvam\/wp-content\/uploads\/2024\/09\/Agenda-preliminar-eXpo-Ganvam-24.pdf\">https:\/\/ganvam.es\/expoganvam\/wp-content\/uploads\/2024\/09\/Agenda-preliminar-eXpo-Ganvam-24.pdf<\/a><\/li>\n<li>Puedes adquirir tu entrada a trav\u00e9s de este enlace: <a href=\"https:\/\/myaccess.events\/expoganvam2024\/expo-ganvam-2024\/register\">https:\/\/myaccess.events\/expoganvam2024\/expo-ganvam-2024\/register<\/a><\/li>\n<\/ul>\n","protected":false},"excerpt":{"rendered":"<p>Con el lema \u201cX la movilidad de todos\u201d, eXpo GANVAM 2024 se prepara para ser un punto de referencia de la movilidad. <\/p>\n","protected":false},"author":1,"featured_media":10663,"comment_status":"closed","ping_status":"open","sticky":false,"template":"","format":"standard","meta":{"footnotes":""},"categories":[49],"tags":[],"class_list":["post-10662","post","type-post","status-publish","format-standard","has-post-thumbnail","hentry","category-expo-ganvam-2024"],"aioseo_notices":[],"_links":{"self":[{"href":"https:\/\/ganvam.es\/expoganvam\/wp-json\/wp\/v2\/posts\/10662","targetHints":{"allow":["GET"]}}],"collection":[{"href":"https:\/\/ganvam.es\/expoganvam\/wp-json\/wp\/v2\/posts"}],"about":[{"href":"https:\/\/ganvam.es\/expoganvam\/wp-json\/wp\/v2\/types\/post"}],"author":[{"embeddable":true,"href":"https:\/\/ganvam.es\/expoganvam\/wp-json\/wp\/v2\/users\/1"}],"replies":[{"embeddable":true,"href":"https:\/\/ganvam.es\/expoganvam\/wp-json\/wp\/v2\/comments?post=10662"}],"version-history":[{"count":2,"href":"https:\/\/ganvam.es\/expoganvam\/wp-json\/wp\/v2\/posts\/10662\/revisions"}],"predecessor-version":[{"id":10665,"href":"https:\/\/ganvam.es\/expoganvam\/wp-json\/wp\/v2\/posts\/10662\/revisions\/10665"}],"wp:featuredmedia":[{"embeddable":true,"href":"https:\/\/ganvam.es\/expoganvam\/wp-json\/wp\/v2\/media\/10663"}],"wp:attachment":[{"href":"https:\/\/ganvam.es\/expoganvam\/wp-json\/wp\/v2\/media?parent=10662"}],"wp:term":[{"taxonomy":"category","embeddable":true,"href":"https:\/\/ganvam.es\/expoganvam\/wp-json\/wp\/v2\/categories?post=10662"},{"taxonomy":"post_tag","embeddable":true,"href":"https:\/\/ganvam.es\/expoganvam\/wp-json\/wp\/v2\/tags?post=10662"}],"curies":[{"name":"wp","href":"https:\/\/api.w.org\/{rel}","templated":true}]}}