{"id":10529,"date":"2024-07-22T08:56:05","date_gmt":"2024-07-22T06:56:05","guid":{"rendered":"https:\/\/ganvam.es\/expoganvam\/?p=10529"},"modified":"2024-07-22T08:56:05","modified_gmt":"2024-07-22T06:56:05","slug":"la-cuarta-edicion-de-expo-ganvam-vuelve-a-contar-con-el-apoyo-de-un-amplio-grupo-de-empresas-colaboradoras","status":"publish","type":"post","link":"https:\/\/ganvam.es\/expoganvam\/la-cuarta-edicion-de-expo-ganvam-vuelve-a-contar-con-el-apoyo-de-un-amplio-grupo-de-empresas-colaboradoras\/","title":{"rendered":"La cuarta edici\u00f3n de eXpo GANVAM vuelve a contar con  el apoyo de un amplio grupo de empresas colaboradoras"},"content":{"rendered":"<p>La cuarta edici\u00f3n de eXpo GANVAM, que se celebra el pr\u00f3ximo 10 de octubre y volver\u00e1 a convertir el Centro de Convenciones Norte de IFEMA Madrid en el punto de encuentro del sector de la distribuci\u00f3n de veh\u00edculos, cuenta ya con alrededor de una treintena de empresas colaboradoras que aportar\u00e1n ideas y soluciones reales a los retos actuales del sector.<\/p>\n<p>\u201cX la movilidad de todos\u201d es el lema de esta nueva edici\u00f3n de la jornada, la cual se desarrollar\u00e1 con un formato similar a los matinales televisivos en directo; en esta ocasi\u00f3n conducido por la periodista y presentadora Patricia Betancort, tras el \u00e9xito del programa \u2018eXpo GANVAM en Vivo\u2019 estrenado en la anterior edici\u00f3n.<\/p>\n<p>Por otro lado, la jornada seguir\u00e1 contando con sesiones de trabajo de diferentes formatos y duraci\u00f3n (masterclass, quickclass, charlas entre expertos y encuentros express\u2026), generando un espacio id\u00f3neo para dar a conocer nuevas propuestas de negocio e innovaci\u00f3n a los asistentes.<\/p>\n<p>De esta manera, eXpo Ganvam expondr\u00e1 un completo ecosistema de partners que no solo permitir\u00e1n abrir l\u00edneas de diversificaci\u00f3n de negocio o acelerar la transformaci\u00f3n digital, sino tambi\u00e9n adaptarse profesionalmente a los nuevos perfiles que va a exigir el mercado, envuelto en un cambio de paradigma.<\/p>\n<p><a href=\"https:\/\/www.bezahl.de\/en\" target=\"_blank\" rel=\"noopener\">Aufinity<\/a>, <a href=\"https:\/\/www.auto1.com\/es\/home\/buy?MID=ES_DIS_0_1_3_6_1_1_2626&amp;utm_source=advertising&amp;utm_medium=ganvamdb010724&amp;utm_campaign=ES_DIS_0_1_3_6_1_1_2626\" target=\"_blank\" rel=\"noopener\">Auto1<\/a>, <a href=\"https:\/\/office.autobiz.com\/es\/\" target=\"_blank\" rel=\"noopener\">Autobitz<\/a>, <a href=\"https:\/\/www.bancsabadell.com\/bsnacional\/es\/particulares\/\" target=\"_blank\" rel=\"noopener\">Sabadell Consumer<\/a>, <a href=\"https:\/\/www.caixabankpc.com\/es\/concesionarios\" target=\"_blank\" rel=\"noopener\">Caixabank Payments &amp; Consumer<\/a>, <a href=\"https:\/\/www.coches.net\/\" target=\"_blank\" rel=\"noopener\">coches.net<\/a>, <a href=\"https:\/\/www.ersmgrupo.com\/\">ERSM<\/a>, <a href=\"https:\/\/garantiplus.es\/\" target=\"_blank\" rel=\"noopener\">GarantiPlus<\/a>, <a href=\"https:\/\/gesthispania.com\/\" target=\"_blank\" rel=\"noopener\">Gesthispania<\/a>, <a href=\"https:\/\/www.glasurit.com\/es\" target=\"_blank\" rel=\"noopener\">Glasurit<\/a>, <a href=\"https:\/\/global.hiflow.com\/es-es\/\" target=\"_blank\" rel=\"noopener\">Hiflow<\/a>, <a href=\"https:\/\/www.ifema.es\/\" target=\"_blank\" rel=\"noopener\">IFEMA Madrid \u2013 Sal\u00f3n VO<\/a>, <a href=\"https:\/\/lojackiberia.com\/\" target=\"_blank\" rel=\"noopener\">LoJack<\/a>, <a href=\"https:\/\/www.manheim.es\/my-account\/register\/\" target=\"_blank\" rel=\"noopener\">Manheim Cox Automotive<\/a>, <a href=\"https:\/\/www.midas.es\/\" target=\"_blank\" rel=\"noopener\">Midas<\/a>, <a href=\"https:\/\/www.motork.io\/es\/ecosistema-digital-02\/?utm_source=google&amp;utm_medium=cpc&amp;utm_term=motork&amp;utm_campaign=es_brand_sfid-7017S000000PiO6QAK&amp;utm_content=motork&amp;gclid=Cj0KCQjw2qKmBhCfARIsAFy8buIpp54Ygxrb-fJlwYwiXYgXh56OFdNkvJTmqio2gj8ck0eoPeaTB_IaApZ2EALw_wcB\" target=\"_blank\" rel=\"noopener\">MotorK<\/a>, <a href=\"https:\/\/www.onlogist.com\/es\/fahrzeugueberfuehrung-sea?abv=0&amp;o_utm_values=google;paid;20273547497&amp;gad_source=1&amp;gclid=Cj0KCQjw7ZO0BhDYARIsAFttkChHSLK1d49TkwyKVNJ0N21UKUwUh69gGOaaonqUskK0d7keWjBc2EEaAs1lEALw_wcB\" target=\"_blank\" rel=\"noopener\">Onlogist.com<\/a>, <a href=\"https:\/\/www.opteven.es\/\" target=\"_blank\" rel=\"noopener\">Opteven<\/a>, <a href=\"https:\/\/es.ppgrefinish.com\/es\/\" target=\"_blank\" rel=\"noopener\">PPG<\/a>, <a href=\"https:\/\/quiter.com\/\" target=\"_blank\" rel=\"noopener\">Grupo Quiter<\/a>, <a href=\"https:\/\/info.rmpaint.com\/es\" target=\"_blank\" rel=\"noopener\">R-M<\/a>, <a href=\"https:\/\/www.santanderconsumer.es\/\" target=\"_blank\" rel=\"noopener\">Santander Consumer Finance<\/a>, <a href=\"https:\/\/www.sincroiberia.com\/sincro-en-espana\/\" target=\"_blank\" rel=\"noopener\">Sincro<\/a>, <a href=\"https:\/\/www.sofinco.es\/ target=\" rel=\"noopener\">Sofinco<\/a>, <a href=\"https:\/\/www.solerainc.es\/\" target=\"_blank\" rel=\"noopener\">Solera<\/a> o <a href=\"https:\/\/www.sumauto.com\/\" target=\"_blank\" rel=\"noopener\">Sumauto<\/a> son algunas de las empresas que ya han confirmado su presencia.<\/p>\n<p>Para estar informado y al tanto de todas las novedades del evento seg\u00fan se vayan produciendo puedes acceder a la web de eXpo Ganvam: <a href=\"https:\/\/ganvam.es\/expoganvam\/\">https:\/\/ganvam.es\/expoganvam\/<\/a>.<\/p>\n","protected":false},"excerpt":{"rendered":"<p>La cuarta edici\u00f3n de eXpo GANVAM, que se celebra el pr\u00f3ximo 10 de octubre y volver\u00e1 a convertir el Centro de Convenciones Norte de IFEMA Madrid en el punto de encuentro del sector de la distribuci\u00f3n de veh\u00edculos, cuenta ya con alrededor de una treintena de empresas colaboradoras que aportar\u00e1n ideas y soluciones reales a [&hellip;]<\/p>\n","protected":false},"author":1,"featured_media":10530,"comment_status":"closed","ping_status":"open","sticky":false,"template":"","format":"standard","meta":{"footnotes":""},"categories":[49],"tags":[],"class_list":["post-10529","post","type-post","status-publish","format-standard","has-post-thumbnail","hentry","category-expo-ganvam-2024"],"aioseo_notices":[],"_links":{"self":[{"href":"https:\/\/ganvam.es\/expoganvam\/wp-json\/wp\/v2\/posts\/10529","targetHints":{"allow":["GET"]}}],"collection":[{"href":"https:\/\/ganvam.es\/expoganvam\/wp-json\/wp\/v2\/posts"}],"about":[{"href":"https:\/\/ganvam.es\/expoganvam\/wp-json\/wp\/v2\/types\/post"}],"author":[{"embeddable":true,"href":"https:\/\/ganvam.es\/expoganvam\/wp-json\/wp\/v2\/users\/1"}],"replies":[{"embeddable":true,"href":"https:\/\/ganvam.es\/expoganvam\/wp-json\/wp\/v2\/comments?post=10529"}],"version-history":[{"count":1,"href":"https:\/\/ganvam.es\/expoganvam\/wp-json\/wp\/v2\/posts\/10529\/revisions"}],"predecessor-version":[{"id":10531,"href":"https:\/\/ganvam.es\/expoganvam\/wp-json\/wp\/v2\/posts\/10529\/revisions\/10531"}],"wp:featuredmedia":[{"embeddable":true,"href":"https:\/\/ganvam.es\/expoganvam\/wp-json\/wp\/v2\/media\/10530"}],"wp:attachment":[{"href":"https:\/\/ganvam.es\/expoganvam\/wp-json\/wp\/v2\/media?parent=10529"}],"wp:term":[{"taxonomy":"category","embeddable":true,"href":"https:\/\/ganvam.es\/expoganvam\/wp-json\/wp\/v2\/categories?post=10529"},{"taxonomy":"post_tag","embeddable":true,"href":"https:\/\/ganvam.es\/expoganvam\/wp-json\/wp\/v2\/tags?post=10529"}],"curies":[{"name":"wp","href":"https:\/\/api.w.org\/{rel}","templated":true}]}}