{"id":10504,"date":"2024-07-01T10:25:34","date_gmt":"2024-07-01T08:25:34","guid":{"rendered":"https:\/\/ganvam.es\/expoganvam\/?p=10504"},"modified":"2024-09-10T13:51:10","modified_gmt":"2024-09-10T11:51:10","slug":"la-cuarta-edicion-de-expo-ganvam-comienza-su-cuenta-atras","status":"publish","type":"post","link":"https:\/\/ganvam.es\/expoganvam\/la-cuarta-edicion-de-expo-ganvam-comienza-su-cuenta-atras\/","title":{"rendered":"La cuarta edici\u00f3n de eXpo GANVAM comienza su cuenta atr\u00e1s"},"content":{"rendered":"<p>La cuarta edici\u00f3n de eXpo GANVAM comienza su cuenta atr\u00e1s. As\u00ed, el pr\u00f3ximo 10 de octubre volver\u00e1 a convertir el Centro de Convenciones Norte de IFEMA MADRID en punto de encuentro del sector de la distribuci\u00f3n de veh\u00edculos, en esta ocasi\u00f3n bajo el lema \u201cX la movilidad de todos\u201d.<\/p>\n<p>Llega tras una exitosa tercera edici\u00f3n que, marcada por su impactante formato de programa de televisi\u00f3n \u201ceXpo GANVAM en vivo\u201d, reuni\u00f3 a un millar de asistentes, poniendo sobre la mesa temas de inter\u00e9s como el renting social, el impacto de las marcas asi\u00e1ticas en el mercado espa\u00f1ol o las oportunidades de negocio derivadas de la movilidad conectada.<\/p>\n<p>La cuarta edici\u00f3n, que mantendr\u00e1 el formato de programa de televisi\u00f3n en directo -en este caso conducido por la periodista y presentadora, Patricia Betancort- abordar\u00e1 la necesidad de garantizar una movilidad asequible y accesible para todos ciudadanos, en un contexto marcado por el estancamiento de las ventas de veh\u00edculos electrificados, el progresivo envejecimiento del parque m\u00f3vil y la subida arancelaria a los coches chinos por parte de la UE.<\/p>\n<p><strong>La experiencia de otros sectores del retail<\/strong><\/p>\n<p>En un momento de transformaci\u00f3n del modelo de negocio en el que el empresario debe diversificar su actividad para no solo vender coches sino servicios de movilidad basados en la conectividad y el pago por uso, eXpo GANVAM 2024 se convertir\u00e1 en un laboratorio de intercambio de ideas y conocimiento.<\/p>\n<p>As\u00ed, permitir\u00e1 a los asistentes nutrirse de experiencias tra\u00eddas de otros sectores para aplicarlas al mundo de la venta de veh\u00edculos en particular, y los servicios de movilidad en general; y permitir\u00e1 aprovechar sinergias que refuercen el valor de los retailers como pilar econ\u00f3mico estrat\u00e9gico y, muy importante, como puente para conectar la oferta con la demanda.<\/p>\n<p>&nbsp;<\/p>\n","protected":false},"excerpt":{"rendered":"<p>La cuarta edici\u00f3n de eXpo GANVAM comienza su cuenta atr\u00e1s. As\u00ed, el pr\u00f3ximo 10 de octubre volver\u00e1 a convertir el Centro de Convenciones Norte de IFEMA MADRID en punto de encuentro del sector de la distribuci\u00f3n de veh\u00edculos, en esta ocasi\u00f3n bajo el lema \u201cX la movilidad de todos\u201d. Llega tras una exitosa tercera edici\u00f3n [&hellip;]<\/p>\n","protected":false},"author":1,"featured_media":10630,"comment_status":"closed","ping_status":"open","sticky":false,"template":"","format":"standard","meta":{"footnotes":""},"categories":[49],"tags":[],"class_list":["post-10504","post","type-post","status-publish","format-standard","has-post-thumbnail","hentry","category-expo-ganvam-2024"],"aioseo_notices":[],"_links":{"self":[{"href":"https:\/\/ganvam.es\/expoganvam\/wp-json\/wp\/v2\/posts\/10504","targetHints":{"allow":["GET"]}}],"collection":[{"href":"https:\/\/ganvam.es\/expoganvam\/wp-json\/wp\/v2\/posts"}],"about":[{"href":"https:\/\/ganvam.es\/expoganvam\/wp-json\/wp\/v2\/types\/post"}],"author":[{"embeddable":true,"href":"https:\/\/ganvam.es\/expoganvam\/wp-json\/wp\/v2\/users\/1"}],"replies":[{"embeddable":true,"href":"https:\/\/ganvam.es\/expoganvam\/wp-json\/wp\/v2\/comments?post=10504"}],"version-history":[{"count":2,"href":"https:\/\/ganvam.es\/expoganvam\/wp-json\/wp\/v2\/posts\/10504\/revisions"}],"predecessor-version":[{"id":10528,"href":"https:\/\/ganvam.es\/expoganvam\/wp-json\/wp\/v2\/posts\/10504\/revisions\/10528"}],"wp:featuredmedia":[{"embeddable":true,"href":"https:\/\/ganvam.es\/expoganvam\/wp-json\/wp\/v2\/media\/10630"}],"wp:attachment":[{"href":"https:\/\/ganvam.es\/expoganvam\/wp-json\/wp\/v2\/media?parent=10504"}],"wp:term":[{"taxonomy":"category","embeddable":true,"href":"https:\/\/ganvam.es\/expoganvam\/wp-json\/wp\/v2\/categories?post=10504"},{"taxonomy":"post_tag","embeddable":true,"href":"https:\/\/ganvam.es\/expoganvam\/wp-json\/wp\/v2\/tags?post=10504"}],"curies":[{"name":"wp","href":"https:\/\/api.w.org\/{rel}","templated":true}]}}