{"id":10408,"date":"2023-11-27T09:10:01","date_gmt":"2023-11-27T07:10:01","guid":{"rendered":"https:\/\/ganvam.es\/expoganvam\/?p=10408"},"modified":"2023-11-27T15:17:06","modified_gmt":"2023-11-27T13:17:06","slug":"la-dgt-recibe-el-premio-especial-ganvam-movilidad-segura","status":"publish","type":"post","link":"https:\/\/ganvam.es\/expoganvam\/la-dgt-recibe-el-premio-especial-ganvam-movilidad-segura\/","title":{"rendered":"La DGT recibe el Premio especial GANVAM Movilidad Segura"},"content":{"rendered":"<p>M\u00e1s de un millar de profesionales se dieron cita el pasado 21 de noviembre en la tercera edici\u00f3n de eXpo GANVAM que se llev\u00f3 a cabo en IFEMA. Como parte de la sesi\u00f3n plenaria de este encuentro en el que se analizaron temas de relevancia para el sector de la venta y reparaci\u00f3n de veh\u00edculos, la Asociaci\u00f3n Nacional de Vendedores y Reparadores de Veh\u00edculos entreg\u00f3 los Premios GANVAM.<\/p>\n<p>Este a\u00f1o, adem\u00e1s de las 4 categor\u00edas principales en las que se reconocieron a personalidades y empresas del sector que han destacado por su Trayectoria, Fidelidad, Innovaci\u00f3n y Sostenibilidad, tambi\u00e9n se entreg\u00f3 un Premio especial GANVAM Movilidad Segura a la Direcci\u00f3n General de Tr\u00e1fico.<\/p>\n<p>Pere Navarro, director de la DGT, fue el encargado de recibir el reconocimiento de manos de Te\u00f3filo de Luis, presidente de la Alianza por la Seguridad Vial, quien tambi\u00e9n estuvo acompa\u00f1ado por el presidente de GANVAM, Ra\u00fal Palacios, y el director general de la asociaci\u00f3n, Fernando Migu\u00e9lez.<\/p>\n<p>Tras agradecer el galard\u00f3n, Navarro se pronunci\u00f3 sobre la importancia de este tipo encuentros como eXpo GANVAM. \u201cEn una \u00e9poca de cambios y transformaciones es oportuno el debate, identificar qu\u00e9 vectores nos permiten dibujar el futuro. Estamos en una \u00e9poca de incertidumbre y es necesario parar y pensar\u201d.<\/p>\n<p>Adem\u00e1s, el director de la DGT se refiri\u00f3 a la situaci\u00f3n de la movilidad actual y asegur\u00f3 que se trata de una \u00e9poca de grandes retos. \u201cHay varios temas que marcar\u00e1n, sin duda, el futuro del sector: la cultura del uso y no de la propiedad de los j\u00f3venes, la forma en la que la palabra compartir va en el ADN de las nuevas generaciones, la manera como la seguridad y la protecci\u00f3n del medio ya lo dan por hecho y no est\u00e1n dispuestos a negociar, as\u00ed como el efecto que est\u00e1n teniendo las nuevas tecnolog\u00edas como el 5G, el Big Data, entre otros\u201d, asegur\u00f3.<\/p>\n<p>Tambi\u00e9n se pronunci\u00f3 sobre la necesidad de renovar el parque automotor en Espa\u00f1a. \u201cEn la actualidad s\u00f3lo el 30% de los veh\u00edculos en nuestro pa\u00eds tienen menos de 7 a\u00f1os y el 70% tiene m\u00e1s de 7 a\u00f1os. Tenemos que darle la vuelta: que el 70% tenga menos de 7 a\u00f1os porque son veh\u00edculos limpios y exigentes en seguridad vial\u201d. Al respecto, Navarro se refiri\u00f3 al papel que juega el veh\u00edculo de ocasi\u00f3n como palanca para permitir la renovaci\u00f3n del parque.<\/p>\n","protected":false},"excerpt":{"rendered":"<p>Pere Navarro, director de la DGT, fue el encargado de recibir el reconocimiento<\/p>\n","protected":false},"author":1,"featured_media":10415,"comment_status":"closed","ping_status":"open","sticky":false,"template":"","format":"standard","meta":{"footnotes":""},"categories":[46],"tags":[],"class_list":["post-10408","post","type-post","status-publish","format-standard","has-post-thumbnail","hentry","category-expo-ganvam-2023"],"aioseo_notices":[],"_links":{"self":[{"href":"https:\/\/ganvam.es\/expoganvam\/wp-json\/wp\/v2\/posts\/10408","targetHints":{"allow":["GET"]}}],"collection":[{"href":"https:\/\/ganvam.es\/expoganvam\/wp-json\/wp\/v2\/posts"}],"about":[{"href":"https:\/\/ganvam.es\/expoganvam\/wp-json\/wp\/v2\/types\/post"}],"author":[{"embeddable":true,"href":"https:\/\/ganvam.es\/expoganvam\/wp-json\/wp\/v2\/users\/1"}],"replies":[{"embeddable":true,"href":"https:\/\/ganvam.es\/expoganvam\/wp-json\/wp\/v2\/comments?post=10408"}],"version-history":[{"count":2,"href":"https:\/\/ganvam.es\/expoganvam\/wp-json\/wp\/v2\/posts\/10408\/revisions"}],"predecessor-version":[{"id":10416,"href":"https:\/\/ganvam.es\/expoganvam\/wp-json\/wp\/v2\/posts\/10408\/revisions\/10416"}],"wp:featuredmedia":[{"embeddable":true,"href":"https:\/\/ganvam.es\/expoganvam\/wp-json\/wp\/v2\/media\/10415"}],"wp:attachment":[{"href":"https:\/\/ganvam.es\/expoganvam\/wp-json\/wp\/v2\/media?parent=10408"}],"wp:term":[{"taxonomy":"category","embeddable":true,"href":"https:\/\/ganvam.es\/expoganvam\/wp-json\/wp\/v2\/categories?post=10408"},{"taxonomy":"post_tag","embeddable":true,"href":"https:\/\/ganvam.es\/expoganvam\/wp-json\/wp\/v2\/tags?post=10408"}],"curies":[{"name":"wp","href":"https:\/\/api.w.org\/{rel}","templated":true}]}}