{"id":10401,"date":"2023-11-22T13:55:54","date_gmt":"2023-11-22T11:55:54","guid":{"rendered":"https:\/\/ganvam.es\/expoganvam\/?p=10401"},"modified":"2023-11-22T13:55:54","modified_gmt":"2023-11-22T11:55:54","slug":"la-comision-europea-presentara-antes-de-fin-de-ano-la-propuesta-de-data-act-especifica-para-el-sector-automocion","status":"publish","type":"post","link":"https:\/\/ganvam.es\/expoganvam\/la-comision-europea-presentara-antes-de-fin-de-ano-la-propuesta-de-data-act-especifica-para-el-sector-automocion\/","title":{"rendered":"La Comisi\u00f3n Europea presentar\u00e1 antes de fin de a\u00f1o la propuesta de DATA ACT espec\u00edfica para el sector automoci\u00f3n"},"content":{"rendered":"<ul>\n<li>As\u00ed lo ha asegurado este martes la eurodiputada Pilar del Castillo durante su intervenci\u00f3n en la tercera edici\u00f3n de eXpo GANVAM.<\/li>\n<li>En el encuentro tambi\u00e9n ha participado Vincent Carr\u00e9, el ide\u00f3logo del renting social en Francia, quien ha asegurado que la propuesta puede aplicarse en Espa\u00f1a.<\/li>\n<li>M\u00e1s de un millar de profesionales del sector de la distribuci\u00f3n y reparaci\u00f3n de veh\u00edculos se han dado cita este 21 de noviembre en eXpo GANVAM.<\/li>\n<\/ul>\n<p><strong>Madrid, 21 de noviembre de 2023.<\/strong> La eurodiputada Pilar del Castillo, miembro de la Comisi\u00f3n de Industria, Investigaci\u00f3n y Energ\u00eda de la Uni\u00f3n Europea (ITRE), ha abordado en detalle el nuevo reglamento europeo en materia de gesti\u00f3n del dato (DATA ACT), en <strong>eXpo GANVAM<\/strong> celebrado hoy, 21 de noviembre, en IFEMA. Durante su intervenci\u00f3n, la legisladora ha anunciado que \u201cla Comisi\u00f3n Europea se ha comprometido a presentar antes de que finalice este a\u00f1o 2023 una propuesta sobre el DATA ACT para el sector de la automoci\u00f3n, lo que supondr\u00e1 una mayor seguridad jur\u00eddica para todos los actores, as\u00ed como un salto en innovaci\u00f3n y competitividad en la industria europea\u201d.<\/p>\n<p>Del Castillo, con quien GANVAM ha trabajado estrechamente en la actualizaci\u00f3n de la normativa sobre el acceso al dato que genera el veh\u00edculo conectado, ha asegurado que esta ley, cuyo texto definitivo se conocer\u00e1 en las pr\u00f3ximas semanas, permitir\u00e1 a \u201clos proveedores de servicios posventa mejorar e innovar sus servicios y competir en igualdad de condiciones con los servicios ofrecidos por los fabricantes de veh\u00edculos\u201d, lo que se traducir\u00e1 en que \u201clos usuarios podr\u00e1n optar por un proveedor de reparaci\u00f3n y mantenimiento, por ejemplo, m\u00e1s econ\u00f3mico y beneficiarse de precios m\u00e1s reducidos dentro de ese mercado\u201d.<\/p>\n<p>En este sentido, se ha puesto de manifiesto la importancia de desarrollar una normativa espec\u00edfica en Espa\u00f1a para el sector de la automoci\u00f3n que establezca, adem\u00e1s de c\u00f3mo acceder a esos datos, tambi\u00e9n sus funciones y recursos. Al respecto, el subdirector general de Calidad y Seguridad Industrial del Mincotur, Jos\u00e9 Manuel Prieto, tambi\u00e9n se ha pronunciado, resaltando que \u201cel sector de la automoci\u00f3n necesita una seguridad jur\u00eddica en relaci\u00f3n al DATA ACT\u201d. Prieto ha asegurado que \u201cel acceso a estos datos mejorar\u00e1 la competitividad, aumentar\u00e1 la seguridad predictiva y la protecci\u00f3n del medio ambiente\u201d.<\/p>\n<p>La gesti\u00f3n del dato del veh\u00edculo conectado ha sido uno de los temas abordados durante la tercera edici\u00f3n de <strong>eXpo GANVAM<\/strong> que, bajo el lema <em>\u201c+ que movilidad\u201d,<\/em> ha abordado los diferentes modelos de negocio que ser\u00e1n clave para que los distribuidores de veh\u00edculos en Espa\u00f1a se reconviertan en distribuidores de movilidad.<\/p>\n<p><strong>El renting social y su aplicaci\u00f3n en Espa\u00f1a<\/strong><\/p>\n<p>El periodista y ex secretario de Estado de Comunicaci\u00f3n, Miguel \u00c1ngel Oliver, ha sido el encargado de conducir el magazine de actualidad <strong>\u201ceXpo GANVAM en vivo\u201d,<\/strong> el nuevo formato televisivo de la sesi\u00f3n plenaria de <strong>eXpo GANVAM<\/strong> inspirado en los populares \u2018late nights\u2019, por el que tambi\u00e9n ha pasado Vincent Carr\u00e9, el ide\u00f3logo del renting social en Francia.<\/p>\n<p>Carr\u00e9 ha explicado c\u00f3mo esta iniciativa podr\u00eda ser clave para lograr la transici\u00f3n hacia una movilidad el\u00e9ctrica y asequible, al permitir el acceso del conjunto de la poblaci\u00f3n a la movilidad cero emisiones. Adem\u00e1s, ha resaltado el papel de los veh\u00edculos de segunda mano como palanca para abaratar a\u00fan m\u00e1s las mensualidades del renting hasta llegar a los 100 euros por mes con un contrato de una duraci\u00f3n de 7 a\u00f1os.<\/p>\n<p>Durante su intervenci\u00f3n en eXpo GANVAM, el ide\u00f3logo de este renting social ha asegurado que, para que este tipo de iniciativas sean viables y se puedan aplicar en pa\u00edses como Espa\u00f1a, es necesario el apoyo del gobierno a trav\u00e9s de ayudas para la adquisici\u00f3n de coches el\u00e9ctricos.<\/p>\n<p><strong>Solicitud de GANVAM de planes de rejuvenecimiento del parque <\/strong><\/p>\n<p>Sobre las ayudas del gobierno para el acceso a veh\u00edculos el\u00e9ctricos se ha referido el presidente de GANVAM durante su intervenci\u00f3n en la plenaria. Ra\u00fal Palacios ha recordado la necesidad de que el Gobierno ponga en marcha \u201cplanes de rejuvenecimiento del parque que faciliten el acceso de la ciudadan\u00eda a la movilidad cero y bajas emisiones\u201d y \u201cno repitan los errores de los Renoves pasados\u201d. Ha explicado que la estrategia debe ayudar a que sea m\u00e1s rentable entregar el coche de m\u00e1s de diez a\u00f1os para achatarrar que venderlo en el mercado de segunda mano; incluir el apoyo al usado de hasta cinco a\u00f1os y a todas las tecnolog\u00edas de \u00faltima generaci\u00f3n para crear un clima de complicidad con el ciudadano que disipe la incertidumbre tecnol\u00f3gica.<\/p>\n<p>Por \u00faltimo, el presidente de Ganvam ha recordado que \u201cpara que la movilidad sea realmente sostenible no solo debe cumplir con el medio ambiente sino tambi\u00e9n garantizar el desarrollo social y econ\u00f3mico\u201d. Por ello, \u201clas pol\u00edticas de descarbonizaci\u00f3n deben garantizar el acceso de todas las rentas a soluciones de movilidad eficientes\u201d, ha agregado Palacios.<\/p>\n<p>Por su parte, eXpo GANVAM ha contado tambi\u00e9n con la participaci\u00f3n de uno de los mayores expertos del sector automoci\u00f3n en el mercado asi\u00e1tico: Diego Guti\u00e9rrez-Colomer. Gracias al apoyo de Santander Consumer Finance, Guti\u00e9rrez-Colomer ha analizado el impacto de las marcas de coches asi\u00e1ticas en el mercado espa\u00f1ol.<\/p>\n<p><strong>Entrega de los Premios GANVAM<\/strong><\/p>\n<p>La plenaria de esta tercera edici\u00f3n de eXpo GANVAM incluye la entrega de los Premios GANVAM. Estos galardones tienen este a\u00f1o cuatro categor\u00edas para reconocer a aquellas personalidades o empresas del sector que hayan destacado por su Trayectoria, su Fidelidad, su Sostenibilidad y su Innovaci\u00f3n.<\/p>\n<p>Domingo Alonso Group ha recibido el Premio GANVAM a la Sostenibilidad por su estrategia de protecci\u00f3n al medio ambiente, reducci\u00f3n de emisiones e impulso a la econom\u00eda circular. El Premio GANVAM a la Innovaci\u00f3n lo recibe en este 2023 el Grupo Nieto Automoci\u00f3n por su eficaz estrategia de experiencia cliente durante toda la relaci\u00f3n con su marca. El Premio GANVAM a la Trayectoria ha sido para Alfredo Briganty, socio fundador de QVAdrigas Abogados, quien tiene m\u00e1s de 30 a\u00f1os en el sector, destacando por su especial defensa de la libre competencia. Por su parte, el Premio a la Fidelidad ha sido para Ureta Motor, por su m\u00e1s de 60 a\u00f1os como miembro de GANVAM.<\/p>\n<p>En esta tercera edici\u00f3n de los Premios GANVAM, se entrega un Premio especial GANVAM Movilidad Segura a la Direcci\u00f3n General de Tr\u00e1fico; un galard\u00f3n que recibe Pere Navarro, director general de la DGT.<\/p>\n<p><strong>Sobre GANVAM <\/strong><\/p>\n<p>La Asociacio\u0301n Nacional de Vendedores y Reparadores de Vehi\u0301culos (GANVAM) es una organizacio\u0301n sin a\u0301nimo de lucro e independiente poli\u0301ticamente fundada en 1957. Es la asociacio\u0301n decana y ma\u0301s representativa de la distribucio\u0301n de automo\u0301viles de Espan\u0303a. Organizacio\u0301n transversal que agrupa a concesionarios y servicios oficiales, compraventas y talleres independientes. Defiende los intereses de distribuidores que venden tanto vehi\u0301culos nuevos como usados y agrupa a compan\u0303i\u0301as que distribuyen y reparan todo tipo de vehi\u0301culos: turismos, industriales, motos y tractores agri\u0301colas, asi\u0301 como empresas afines (peritos, gestores&#8230;). En conjunto, estas empresas venden y dan servicio a ma\u0301s del 80% del parque mo\u0301vil espan\u0303ol. Dentro del escenario internacional, GANVAM es miembro de la junta directiva de CECRA (Comite\u0301 Europeo del Comercio y la Reparacio\u0301n de Vehi\u0301culos).<\/p>\n<p>Ma\u0301s informacio\u0301n: https:\/\/ganvam.es\/<\/p>\n","protected":false},"excerpt":{"rendered":"<p>As\u00ed lo ha asegurado este martes la eurodiputada Pilar del Castillo durante su intervenci\u00f3n en la tercera edici\u00f3n de eXpo GANVAM.<\/p>\n","protected":false},"author":1,"featured_media":10402,"comment_status":"closed","ping_status":"open","sticky":false,"template":"","format":"standard","meta":{"footnotes":""},"categories":[46],"tags":[],"class_list":["post-10401","post","type-post","status-publish","format-standard","has-post-thumbnail","hentry","category-expo-ganvam-2023"],"aioseo_notices":[],"_links":{"self":[{"href":"https:\/\/ganvam.es\/expoganvam\/wp-json\/wp\/v2\/posts\/10401","targetHints":{"allow":["GET"]}}],"collection":[{"href":"https:\/\/ganvam.es\/expoganvam\/wp-json\/wp\/v2\/posts"}],"about":[{"href":"https:\/\/ganvam.es\/expoganvam\/wp-json\/wp\/v2\/types\/post"}],"author":[{"embeddable":true,"href":"https:\/\/ganvam.es\/expoganvam\/wp-json\/wp\/v2\/users\/1"}],"replies":[{"embeddable":true,"href":"https:\/\/ganvam.es\/expoganvam\/wp-json\/wp\/v2\/comments?post=10401"}],"version-history":[{"count":1,"href":"https:\/\/ganvam.es\/expoganvam\/wp-json\/wp\/v2\/posts\/10401\/revisions"}],"predecessor-version":[{"id":10403,"href":"https:\/\/ganvam.es\/expoganvam\/wp-json\/wp\/v2\/posts\/10401\/revisions\/10403"}],"wp:featuredmedia":[{"embeddable":true,"href":"https:\/\/ganvam.es\/expoganvam\/wp-json\/wp\/v2\/media\/10402"}],"wp:attachment":[{"href":"https:\/\/ganvam.es\/expoganvam\/wp-json\/wp\/v2\/media?parent=10401"}],"wp:term":[{"taxonomy":"category","embeddable":true,"href":"https:\/\/ganvam.es\/expoganvam\/wp-json\/wp\/v2\/categories?post=10401"},{"taxonomy":"post_tag","embeddable":true,"href":"https:\/\/ganvam.es\/expoganvam\/wp-json\/wp\/v2\/tags?post=10401"}],"curies":[{"name":"wp","href":"https:\/\/api.w.org\/{rel}","templated":true}]}}