{"id":10391,"date":"2023-11-20T12:46:36","date_gmt":"2023-11-20T10:46:36","guid":{"rendered":"https:\/\/ganvam.es\/expoganvam\/?p=10391"},"modified":"2023-11-20T12:46:36","modified_gmt":"2023-11-20T10:46:36","slug":"el-renting-social-o-las-oportunidades-de-negocio-de-la-movilidad-conectada-ejes-de-la-tercera-edicion-de-expo-ganvam","status":"publish","type":"post","link":"https:\/\/ganvam.es\/expoganvam\/el-renting-social-o-las-oportunidades-de-negocio-de-la-movilidad-conectada-ejes-de-la-tercera-edicion-de-expo-ganvam\/","title":{"rendered":"El renting social o las oportunidades de negocio de la movilidad conectada, ejes de la tercera edici\u00f3n de eXpo GANVAM"},"content":{"rendered":"<ul>\n<li>El Centro de Convenciones Norte de IFEMA se convertir\u00e1 ma\u00f1ana martes 21 de noviembre en el punto de encuentro del sector de la venta y reparaci\u00f3n de veh\u00edculos.<\/li>\n<li><em>\u201c+ que movilidad\u201d, <\/em>es el lema de esta tercera edici\u00f3n de eXpo GANVAM que tambi\u00e9n tratar\u00e1 otros temas de actualidad como el impacto de las marcas de coches asi\u00e1ticas en el mercado espa\u00f1ol.<\/li>\n<\/ul>\n<p><strong>Madrid, 20 de noviembre de 2023.<\/strong> Bajo un nuevo formato televisivo inspirado en los populares \u2018late nights\u2019, este 21 de noviembre <strong>eXpo GANVAM 2023<\/strong> reunir\u00e1 a m\u00e1s de un millar de profesionales del sector de la venta y reparaci\u00f3n de veh\u00edculos. En el encuentro, que este a\u00f1o lleva por lema <em>\u201c+ que movilidad\u201d,<\/em> se analizar\u00e1n los modelos de negocio que ser\u00e1n clave para que los distribuidores de veh\u00edculos puedan dar el salto a la movilidad como servicio.<\/p>\n<p>El periodista y ex secretario de Estado de Comunicaci\u00f3n, Miguel \u00c1ngel Oliver, ser\u00e1 el encargado de presentar los temas que se analizar\u00e1n en el magazine de actualidad <strong>\u201ceXpo GANVAM en vivo\u201d.<\/strong><\/p>\n<p>La oportunidad del renting social para Espa\u00f1a ser\u00e1 uno de los platos fuertes del evento. Gracias al apoyo de Sofinco, el encuentro contar\u00e1 con la presencia del ide\u00f3logo del rentig social en Francia, Vincent Carr\u00e9, quien expondr\u00e1 las principales caracter\u00edsticas de esta iniciativa y analizar\u00e1 c\u00f3mo podr\u00eda encajar en nuestro mercado una soluci\u00f3n de movilidad el\u00e9ctrica de pago por uso a bajo coste.<\/p>\n<p>El acceso del conjunto de la poblaci\u00f3n a la movilidad cero emisiones o el papel de los veh\u00edculos de segunda mano en iniciativas de este tipo son algunos de los aspectos que tratar\u00e1 Carr\u00e9 en la sesi\u00f3n plenaria de esta tercera edici\u00f3n de eXpo Ganvam.<\/p>\n<p>Por su parte, otro de los principales temas a tratar es la oportunidad que representa la gesti\u00f3n del dato generado por el veh\u00edculo conectado para el sector de la distribuci\u00f3n de veh\u00edculos; que, de acuerdo con datos de GANVAM, supera los 15.000 millones de euros al a\u00f1o.<\/p>\n<p>De la mano de la eurodiputada Pilar del Castillo y del subdirector general de Calidad y Seguridad Industrial del Ministerio de Industria, Jos\u00e9 Manuel Prieto, eXpo GANVAM abordar\u00e1 en detalle el nuevo reglamento europeo en materia de gesti\u00f3n del dato (la DATA ACT), as\u00ed como su adaptaci\u00f3n al entorno nacional.<\/p>\n<p>Tambi\u00e9n en la sesi\u00f3n plenaria se analizar\u00e1 el impacto de las marcas de coches asi\u00e1ticas en el mercado espa\u00f1ol. Gracias al apoyo de Santander Consumer Finance, eXpo GANVAM 2023 contar\u00e1 con la participaci\u00f3n de uno de los mayores expertos del sector automoci\u00f3n en el mercado asi\u00e1tico: Diego Guti\u00e9rrez-Colomer, quien tiene una trayectoria de m\u00e1s de dos d\u00e9cadas en el mundo del autom\u00f3vil, acumulando experiencia en puestos de responsabilidad en ense\u00f1as como Toyota, Mitsubishi, Subaru y Hyundai.<\/p>\n<p>Adem\u00e1s, tambi\u00e9n estar\u00e1 presente el coach motivacional Fernando Romay, quien, gracias al apoyo de Sabadell Consumer, aportar\u00e1 herramientas emocionales para afrontar el cambio abordando \u201cEl valor de la diferencia\u201d.<\/p>\n<p>Todo esto ocurrir\u00e1 en la sesi\u00f3n plenaria, pero tambi\u00e9n habr\u00e1 mesas redondas y master clases en las que se abordar\u00e1n otros aspectos de inter\u00e9s para el sector de la venta y reparaci\u00f3n de veh\u00edculos.<\/p>\n","protected":false},"excerpt":{"rendered":"<p>Wste 21 de noviembre eXpo GANVAM 2023 reunir\u00e1 a m\u00e1s de un millar de profesionales del sector de la venta y reparaci\u00f3n de veh\u00edculos.<\/p>\n","protected":false},"author":1,"featured_media":10392,"comment_status":"closed","ping_status":"open","sticky":false,"template":"","format":"standard","meta":{"footnotes":""},"categories":[46],"tags":[],"class_list":["post-10391","post","type-post","status-publish","format-standard","has-post-thumbnail","hentry","category-expo-ganvam-2023"],"aioseo_notices":[],"_links":{"self":[{"href":"https:\/\/ganvam.es\/expoganvam\/wp-json\/wp\/v2\/posts\/10391","targetHints":{"allow":["GET"]}}],"collection":[{"href":"https:\/\/ganvam.es\/expoganvam\/wp-json\/wp\/v2\/posts"}],"about":[{"href":"https:\/\/ganvam.es\/expoganvam\/wp-json\/wp\/v2\/types\/post"}],"author":[{"embeddable":true,"href":"https:\/\/ganvam.es\/expoganvam\/wp-json\/wp\/v2\/users\/1"}],"replies":[{"embeddable":true,"href":"https:\/\/ganvam.es\/expoganvam\/wp-json\/wp\/v2\/comments?post=10391"}],"version-history":[{"count":1,"href":"https:\/\/ganvam.es\/expoganvam\/wp-json\/wp\/v2\/posts\/10391\/revisions"}],"predecessor-version":[{"id":10393,"href":"https:\/\/ganvam.es\/expoganvam\/wp-json\/wp\/v2\/posts\/10391\/revisions\/10393"}],"wp:featuredmedia":[{"embeddable":true,"href":"https:\/\/ganvam.es\/expoganvam\/wp-json\/wp\/v2\/media\/10392"}],"wp:attachment":[{"href":"https:\/\/ganvam.es\/expoganvam\/wp-json\/wp\/v2\/media?parent=10391"}],"wp:term":[{"taxonomy":"category","embeddable":true,"href":"https:\/\/ganvam.es\/expoganvam\/wp-json\/wp\/v2\/categories?post=10391"},{"taxonomy":"post_tag","embeddable":true,"href":"https:\/\/ganvam.es\/expoganvam\/wp-json\/wp\/v2\/tags?post=10391"}],"curies":[{"name":"wp","href":"https:\/\/api.w.org\/{rel}","templated":true}]}}