{"id":10373,"date":"2023-11-16T15:15:57","date_gmt":"2023-11-16T13:15:57","guid":{"rendered":"https:\/\/ganvam.es\/expoganvam\/?p=10373"},"modified":"2023-11-16T15:15:57","modified_gmt":"2023-11-16T13:15:57","slug":"la-justicia-europea-se-pronuncia-sobre-el-acceso-al-dato-uno-de-los-temas-abordados-en-expo-ganvam","status":"publish","type":"post","link":"https:\/\/ganvam.es\/expoganvam\/la-justicia-europea-se-pronuncia-sobre-el-acceso-al-dato-uno-de-los-temas-abordados-en-expo-ganvam\/","title":{"rendered":"La justicia europea se pronuncia sobre el acceso al dato, uno de los temas abordados en eXpo Ganvam"},"content":{"rendered":"<p>El Tribunal de Justicia de la Uni\u00f3n Europea ha emitido recientemente una sentencia sobre el acceso al dato. En este caso, el organismo se ha reafirmado en la obligaci\u00f3n que tienen los fabricantes de veh\u00edculos de poner a disposici\u00f3n de talleres y distribuidores de piezas de recambio \u201ctoda la informaci\u00f3n sobre la reparaci\u00f3n y el mantenimiento de los veh\u00edculos\u201d.<\/p>\n<p>La decisi\u00f3n contempla tambi\u00e9n que los fabricantes creen una base de datos en la que se informe sobre las piezas de los veh\u00edculos que pueden ser sustituidas por otras de recambio. En este caso, el tribunal sostiene que \u201cla b\u00fasqueda de informaci\u00f3n en esta base de datos debe poder realizarse a partir de los n\u00fameros de identificaci\u00f3n de los veh\u00edculos y de otros criterios, como la potencia del motor o el tipo de acabado del veh\u00edculo\u00bb.<\/p>\n<p>La sentencia aclara que, aunque ese n\u00famero de identificaci\u00f3n del autom\u00f3vil carece de informaci\u00f3n de car\u00e1cter personal, se convierte en un dato personal \u00abcuando alguien que tiene acceso a \u00e9l dispone de medios que le permiten identificar al titular del veh\u00edculo, siempre que se trate de una persona f\u00edsica\u00bb.<\/p>\n<p><strong>La importancia de la gesti\u00f3n del dato del veh\u00edculo conectado<\/strong><\/p>\n<p>Esta decisi\u00f3n del Tribunal de Justicia de la Uni\u00f3n Europea est\u00e1 relacionada con el Reglamento aprobado recientemente por el Parlamento Europeo sobre la DATA ACT y que reconoce la importancia del acceso al dato como factor de competencia, ya que fabricantes y desarrolladores tendr\u00e1n que compartir los datos con sus usuarios y otras compa\u00f1\u00edas. As\u00ed, los datos generados por los dispositivos conectados ser\u00e1n del usuario.<\/p>\n<p>El acceso al dato del veh\u00edculo conectado es un tema clave para el sector de la distribuci\u00f3n de veh\u00edculos ya que representa una oportunidad de negocio de m\u00e1s de 15.000 millones de euros al a\u00f1o. Por eso, uno de los platos fuertes de la tercera edici\u00f3n de eXpo GANVAM que se realizar\u00e1 el pr\u00f3ximo 21 de noviembre en IFEMA ser\u00e1 proporcionar a los distribuidores de veh\u00edculos las claves para convertirse tambi\u00e9n en empresarios de servicios de movilidad.<\/p>\n<p>En el encuentro, GANVAM abordar\u00e1 en detalle el nuevo reglamento europeo en materia de gesti\u00f3n del dato (la DATA ACT), as\u00ed como su adaptaci\u00f3n al entorno nacional. Para ello contar\u00e1 con la eurodiputada Pilar del Castillo, con quien GANVAM ha trabajado estrechamente en la actualizaci\u00f3n de la normativa, as\u00ed como con el subdirector general de Calidad y Seguridad Industrial del Ministerio de Industria, Jos\u00e9 Manuel Prieto, quien pilotar\u00e1 su transposici\u00f3n en Espa\u00f1a.<\/p>\n<p><em>Informaci\u00f3n actualizada en la <\/em><a href=\"https:\/\/ganvam.es\/expoganvam\/\"><em>landing oficial del evento<\/em><\/a><em>, y en la app exclusiva de eXpo Ganvam 2023 disponible ya tanto para <\/em><a href=\"https:\/\/apps.apple.com\/us\/app\/expo-ganvam-2023\/id6469835224\"><em>iOS<\/em><\/a><em> como para <\/em><a href=\"https:\/\/play.google.com\/store\/apps\/details?id=es.ganvam.expoganvam2023&amp;pli=1\"><em>Android<\/em><\/a><em>. Adem\u00e1s, reg\u00edstrate <\/em><em>aqu\u00ed<\/em><em> y adquiere tu entrada.<\/em><\/p>\n","protected":false},"excerpt":{"rendered":"<p>La decisi\u00f3n contempla tambi\u00e9n que los fabricantes creen una base de datos en la que se informe sobre las piezas de los veh\u00edculos que pueden ser sustituidas por otras de recambio<\/p>\n","protected":false},"author":1,"featured_media":10374,"comment_status":"closed","ping_status":"open","sticky":false,"template":"","format":"standard","meta":{"footnotes":""},"categories":[46],"tags":[],"class_list":["post-10373","post","type-post","status-publish","format-standard","has-post-thumbnail","hentry","category-expo-ganvam-2023"],"aioseo_notices":[],"_links":{"self":[{"href":"https:\/\/ganvam.es\/expoganvam\/wp-json\/wp\/v2\/posts\/10373","targetHints":{"allow":["GET"]}}],"collection":[{"href":"https:\/\/ganvam.es\/expoganvam\/wp-json\/wp\/v2\/posts"}],"about":[{"href":"https:\/\/ganvam.es\/expoganvam\/wp-json\/wp\/v2\/types\/post"}],"author":[{"embeddable":true,"href":"https:\/\/ganvam.es\/expoganvam\/wp-json\/wp\/v2\/users\/1"}],"replies":[{"embeddable":true,"href":"https:\/\/ganvam.es\/expoganvam\/wp-json\/wp\/v2\/comments?post=10373"}],"version-history":[{"count":1,"href":"https:\/\/ganvam.es\/expoganvam\/wp-json\/wp\/v2\/posts\/10373\/revisions"}],"predecessor-version":[{"id":10375,"href":"https:\/\/ganvam.es\/expoganvam\/wp-json\/wp\/v2\/posts\/10373\/revisions\/10375"}],"wp:featuredmedia":[{"embeddable":true,"href":"https:\/\/ganvam.es\/expoganvam\/wp-json\/wp\/v2\/media\/10374"}],"wp:attachment":[{"href":"https:\/\/ganvam.es\/expoganvam\/wp-json\/wp\/v2\/media?parent=10373"}],"wp:term":[{"taxonomy":"category","embeddable":true,"href":"https:\/\/ganvam.es\/expoganvam\/wp-json\/wp\/v2\/categories?post=10373"},{"taxonomy":"post_tag","embeddable":true,"href":"https:\/\/ganvam.es\/expoganvam\/wp-json\/wp\/v2\/tags?post=10373"}],"curies":[{"name":"wp","href":"https:\/\/api.w.org\/{rel}","templated":true}]}}