{"id":10297,"date":"2023-11-14T11:29:37","date_gmt":"2023-11-14T09:29:37","guid":{"rendered":"https:\/\/ganvam.es\/expoganvam\/?p=10297"},"modified":"2023-11-14T12:15:16","modified_gmt":"2023-11-14T10:15:16","slug":"ya-puedes-consultar-el-programa-de-expo-ganvam-2023","status":"publish","type":"post","link":"https:\/\/ganvam.es\/expoganvam\/ya-puedes-consultar-el-programa-de-expo-ganvam-2023\/","title":{"rendered":"Ya puedes consultar el programa de eXpo Ganvam 2023"},"content":{"rendered":"<p>La Asociaci\u00f3n Nacional de Vendedores y Reparadores de Veh\u00edculos (GANVAM) ha presentado el programa completo para la tercera edici\u00f3n de eXpo Ganvam, que el pr\u00f3ximo 21 de noviembre reunir\u00e1 en IFEMA a un millar de profesionales de la distribuci\u00f3n en nuestro pa\u00eds.<\/p>\n<p>A trav\u00e9s de una nutrida agenda, elaborada por GANVAM de la mano de ponentes y patrocinadores, durante la jornada se analizar\u00e1n los temas de relevancia para el sector de la venta y reparaci\u00f3n de veh\u00edculos en diferentes formatos: sesi\u00f3n plenaria, mesas redondas, master classes, quick classes y talleres de trabajo.<\/p>\n<p>El evento arrancar\u00e1 a las 09:50 horas con \u201ceXpo Ganvam en vivo\u201d, una sesi\u00f3n en la que el conocido periodista y ex secretario de Estado de Comunicaci\u00f3n, Miguel \u00c1ngel Oliver, a trav\u00e9s de un innovador formato televisivo introducir\u00e1 al presidente de GANVAM, Ra\u00fal Palacios, y al director general de la Asociaci\u00f3n Nacional de Vendedores y Reparadores de Veh\u00edculos, Fernando Migu\u00e9lez.<\/p>\n<p>La sesi\u00f3n plenaria, al estilo de los conocidos \u2018late nights\u2019, tambi\u00e9n contar\u00e1 con la charla del ide\u00f3logo del renting social en Francia, Vincent Carr\u00e9, quien expondr\u00e1 las principales caracter\u00edsticas de esta soluci\u00f3n de movilidad el\u00e9ctrica de pago por uso a bajo coste y las oportunidades que supondr\u00eda implantar esta iniciativa en Espa\u00f1a. Continuar\u00e1 con la participaci\u00f3n de uno de los mayores expertos del sector de la automoci\u00f3n en el mercado asi\u00e1tico, Diego Guti\u00e9rrez-Colomer, que acercar\u00e1 a las personas que asistan el impacto presente y futuro de las marcas de coches asi\u00e1ticas en el mercado espa\u00f1ol.<\/p>\n<p>Para cerrar la primera parte de la sesi\u00f3n plenaria de eXpo Ganvam 2023, la diputada en el Parlamento Europeo, Pilar del Castillo, y el subdirector general de Calidad y Seguridad Industrial del Ministerio de Industria, Comercio y Turismo, Jos\u00e9 Manuel Prieto, tratar\u00e1n sobre la gesti\u00f3n del dato generado por el veh\u00edculo conectado, que representa para el sector de la distribuci\u00f3n de veh\u00edculos una oportunidad de negocio de m\u00e1s de 15.000 millones de euros al a\u00f1o.<\/p>\n<p><strong>Mesas redondas, talleres de trabajo y encuentros profesionales<\/strong><\/p>\n<p>Esta tercera edici\u00f3n de eXpo Ganvam, con expertos y empresas l\u00edderes en el sector, dar\u00e1 a conocer asuntos relevantes tales como si las \u201cf\u00e1bricas\u201d de veh\u00edculos de ocasi\u00f3n est\u00e1n a pleno rendimiento, el seguro ligado a la compra del coche como oportunidad de negocio, el recambio verde, los modelos de distribuci\u00f3n f\u00edsica frente a la online, la movilidad conectada que conlleva a la gesti\u00f3n del dato como oportunidad de negocio y las tendencias del mercado en cuanto a tipo de veh\u00edculo.<\/p>\n<p>La sesi\u00f3n de tarde ser\u00e1 inaugurada por el ex jugador de baloncesto y coach motivacional Fernando Romay, quien, a trav\u00e9s de sus palabras, proporcionar\u00e1 herramientas emocionales para afrontar el cambio. A continuaci\u00f3n, el vicesecretario de Econom\u00eda del Partido Popular, Juan Bravo Baena ser\u00e1 entrevistado en directo por el conductor de este \u2018late night\u2019, Miguel \u00c1ngel Oliver.<\/p>\n<p>A las 15:55 horas ser\u00e1 el momento de la entrega de Premios GANVAM, que este a\u00f1o contar\u00e1n con tres categor\u00edas que reconocen a aquellas personalidades o empresas del sector que hayan destacado por su Trayectoria, por su Fidelidad y por su Sostenibilidad. Estos galardones preceder\u00e1n a la \u00faltima mesa redonda del encuentro en la que se analizar\u00e1 la movilidad desde la visi\u00f3n de las financieras.<\/p>\n<p>Tras \u201ceXpo Ganvam en vivo\u201d, la jornada concluir\u00e1 con dos sesiones: una de ellas destinada a detallar el mercado asi\u00e1tico actual y la otra a estudiar las relaciones mercantiles en el sector de la automoci\u00f3n.<\/p>\n<p>&nbsp;<\/p>\n<p><em>Informaci\u00f3n actualizada sobre eXpo Ganvam 2023<\/em><em>, que se celebrar\u00e1 el pr\u00f3ximo 21 de noviembre en IFEMA bajo el lema \u201c+ que movilidad\u201d,<\/em><em> pinchado\u00a0<\/em><a href=\"https:\/\/ganvam.es\/expoganvam\/\"><em>aqu\u00ed<\/em><\/a><em>, y a trav\u00e9s de la app exclusiva del evento disponible tanto para iOS como para Android.<\/em><\/p>\n","protected":false},"excerpt":{"rendered":"<p>A trav\u00e9s de una nutrida agenda, elaborada por GANVAM de la mano de ponentes y patrocinadores, durante la jornada se analizar\u00e1n los temas de relevancia para el sector de la venta y reparaci\u00f3n de veh\u00edculos en diferentes formatos<\/p>\n","protected":false},"author":1,"featured_media":10298,"comment_status":"closed","ping_status":"open","sticky":false,"template":"","format":"standard","meta":{"footnotes":""},"categories":[46],"tags":[],"class_list":["post-10297","post","type-post","status-publish","format-standard","has-post-thumbnail","hentry","category-expo-ganvam-2023"],"aioseo_notices":[],"_links":{"self":[{"href":"https:\/\/ganvam.es\/expoganvam\/wp-json\/wp\/v2\/posts\/10297","targetHints":{"allow":["GET"]}}],"collection":[{"href":"https:\/\/ganvam.es\/expoganvam\/wp-json\/wp\/v2\/posts"}],"about":[{"href":"https:\/\/ganvam.es\/expoganvam\/wp-json\/wp\/v2\/types\/post"}],"author":[{"embeddable":true,"href":"https:\/\/ganvam.es\/expoganvam\/wp-json\/wp\/v2\/users\/1"}],"replies":[{"embeddable":true,"href":"https:\/\/ganvam.es\/expoganvam\/wp-json\/wp\/v2\/comments?post=10297"}],"version-history":[{"count":3,"href":"https:\/\/ganvam.es\/expoganvam\/wp-json\/wp\/v2\/posts\/10297\/revisions"}],"predecessor-version":[{"id":10327,"href":"https:\/\/ganvam.es\/expoganvam\/wp-json\/wp\/v2\/posts\/10297\/revisions\/10327"}],"wp:featuredmedia":[{"embeddable":true,"href":"https:\/\/ganvam.es\/expoganvam\/wp-json\/wp\/v2\/media\/10298"}],"wp:attachment":[{"href":"https:\/\/ganvam.es\/expoganvam\/wp-json\/wp\/v2\/media?parent=10297"}],"wp:term":[{"taxonomy":"category","embeddable":true,"href":"https:\/\/ganvam.es\/expoganvam\/wp-json\/wp\/v2\/categories?post=10297"},{"taxonomy":"post_tag","embeddable":true,"href":"https:\/\/ganvam.es\/expoganvam\/wp-json\/wp\/v2\/tags?post=10297"}],"curies":[{"name":"wp","href":"https:\/\/api.w.org\/{rel}","templated":true}]}}