{"id":10245,"date":"2023-11-02T13:42:15","date_gmt":"2023-11-02T11:42:15","guid":{"rendered":"https:\/\/ganvam.es\/expoganvam\/?p=10245"},"modified":"2023-11-02T13:42:15","modified_gmt":"2023-11-02T11:42:15","slug":"la-tercera-edicion-de-expo-ganvam-premia-la-fidelidad-la-trayectoria-y-la-sostenibilidad","status":"publish","type":"post","link":"https:\/\/ganvam.es\/expoganvam\/la-tercera-edicion-de-expo-ganvam-premia-la-fidelidad-la-trayectoria-y-la-sostenibilidad\/","title":{"rendered":"La tercera edici\u00f3n de eXpo GANVAM premia la Fidelidad, la Trayectoria y la Sostenibilidad"},"content":{"rendered":"<p>El pr\u00f3ximo 21 de noviembre IFEMA se convertir\u00e1 en el punto de encuentro de la distribuci\u00f3n en nuestro pa\u00eds, acogiendo la tercera edici\u00f3n de eXpo GANVAM, un evento en el que se dar\u00e1n cita un millar de profesionales del sector.<\/p>\n<p>Adem\u00e1s de analizar temas de relevancia para el sector de la venta y reparaci\u00f3n de veh\u00edculos, la Asociaci\u00f3n Nacional de Vendedores y Reparadores de Veh\u00edculos entregar\u00e1 all\u00ed los Premios GANVAM.<\/p>\n<p>Estos galardones tendr\u00e1n este a\u00f1o tres categor\u00edas que reconocen a aquellas personalidades o empresas del sector que hayan destacado por su Trayectoria, por su Fidelidad y por su Sostenibilidad.<\/p>\n<p><strong>Primer Premio GANVAM a la Sostenibilidad<\/strong><\/p>\n<p>Se trata de la primera vez que GANVAM entrega el Premio a la Sostenibilidad, un galard\u00f3n que reconoce al profesional o compa\u00f1\u00eda que ha integrado la protecci\u00f3n del medio ambiente y la reducci\u00f3n de emisiones contaminantes en su actividad empresarial.<\/p>\n<p>Por su parte, el reconocimiento a la Trayectoria premia la carrera de un profesional en activo de reconocido prestigio. Adem\u00e1s, la asociaci\u00f3n galardona al distribuidor que m\u00e1s tiempo lleva asociado a GANVAM, con su Premio a la Fidelidad.<\/p>\n<p>El nombre de los premiados se conocer\u00e1 en los pr\u00f3ximos d\u00edas y se publicar\u00e1 a trav\u00e9s de los canales de comunicaci\u00f3n de la Asociaci\u00f3n Nacional de Vendedores y Reparadores de Veh\u00edculos.<\/p>\n<p>Informaci\u00f3n actualizada sobre eXpo GANVAM 2023, que se celebrar\u00e1 el pr\u00f3ximo 21 de noviembre en IFEMA bajo el lema \u201c+ que movilidad\u201d, pinchado\u00a0<a href=\"https:\/\/ganvam.es\/expoganvam\/\">aqu\u00ed<\/a>, y pr\u00f3ximamente a trav\u00e9s de la app exclusiva del evento disponible tanto para iOS como para Android.<\/p>\n","protected":false},"excerpt":{"rendered":"<p>El nombre de los premiados se conocer\u00e1 en los pr\u00f3ximos d\u00edas <\/p>\n","protected":false},"author":1,"featured_media":10246,"comment_status":"closed","ping_status":"open","sticky":false,"template":"","format":"standard","meta":{"footnotes":""},"categories":[46],"tags":[],"class_list":["post-10245","post","type-post","status-publish","format-standard","has-post-thumbnail","hentry","category-expo-ganvam-2023"],"aioseo_notices":[],"_links":{"self":[{"href":"https:\/\/ganvam.es\/expoganvam\/wp-json\/wp\/v2\/posts\/10245","targetHints":{"allow":["GET"]}}],"collection":[{"href":"https:\/\/ganvam.es\/expoganvam\/wp-json\/wp\/v2\/posts"}],"about":[{"href":"https:\/\/ganvam.es\/expoganvam\/wp-json\/wp\/v2\/types\/post"}],"author":[{"embeddable":true,"href":"https:\/\/ganvam.es\/expoganvam\/wp-json\/wp\/v2\/users\/1"}],"replies":[{"embeddable":true,"href":"https:\/\/ganvam.es\/expoganvam\/wp-json\/wp\/v2\/comments?post=10245"}],"version-history":[{"count":1,"href":"https:\/\/ganvam.es\/expoganvam\/wp-json\/wp\/v2\/posts\/10245\/revisions"}],"predecessor-version":[{"id":10247,"href":"https:\/\/ganvam.es\/expoganvam\/wp-json\/wp\/v2\/posts\/10245\/revisions\/10247"}],"wp:featuredmedia":[{"embeddable":true,"href":"https:\/\/ganvam.es\/expoganvam\/wp-json\/wp\/v2\/media\/10246"}],"wp:attachment":[{"href":"https:\/\/ganvam.es\/expoganvam\/wp-json\/wp\/v2\/media?parent=10245"}],"wp:term":[{"taxonomy":"category","embeddable":true,"href":"https:\/\/ganvam.es\/expoganvam\/wp-json\/wp\/v2\/categories?post=10245"},{"taxonomy":"post_tag","embeddable":true,"href":"https:\/\/ganvam.es\/expoganvam\/wp-json\/wp\/v2\/tags?post=10245"}],"curies":[{"name":"wp","href":"https:\/\/api.w.org\/{rel}","templated":true}]}}