{"id":10172,"date":"2023-10-20T10:03:20","date_gmt":"2023-10-20T08:03:20","guid":{"rendered":"https:\/\/ganvam.es\/expoganvam\/?p=10172"},"modified":"2023-10-26T10:54:54","modified_gmt":"2023-10-26T08:54:54","slug":"cien-euros-mensuales-por-un-coche-electrico-las-oportunidades-del-renting-social-para-espana-en-expo-ganvam-2023","status":"publish","type":"post","link":"https:\/\/ganvam.es\/expoganvam\/cien-euros-mensuales-por-un-coche-electrico-las-oportunidades-del-renting-social-para-espana-en-expo-ganvam-2023\/","title":{"rendered":"\u00bfCien euros mensuales por un coche el\u00e9ctrico? Las oportunidades del renting social para Espa\u00f1a en eXpo Ganvam 2023"},"content":{"rendered":"<p>La tercera edici\u00f3n de eXpo Ganvam, que tendr\u00e1 lugar en IFEMA el pr\u00f3ximo 21 de noviembre, contar\u00e1 -gracias al apoyo de Sofinco- con la presencia de un invitado estrella como es el ide\u00f3logo del rentig social en Francia, Vincent Carr\u00e9, quien expondr\u00e1 las principales caracter\u00edsticas de esta iniciativa y analizar\u00e1 c\u00f3mo podr\u00eda encajar en nuestro mercado una soluci\u00f3n de movilidad el\u00e9ctrica de pago por uso a bajo coste.<\/p>\n<p>En un contexto en el que los objetivos del Gobierno de Espa\u00f1a en torno a la electrificaci\u00f3n son cada vez m\u00e1s ambiciosos, Francia, pa\u00eds vecino, supone un espejo en el que mirarnos, ya que, con el denominado \u201crenting social\u201d de veh\u00edculos, los ciudadanos podr\u00e1n acceder a modelos el\u00e9ctricos a precios asequibles a trav\u00e9s de una plataforma de reservas.<\/p>\n<p>Para saber m\u00e1s acerca de las oportunidades que ofrece esta iniciativa tanto para la poblaci\u00f3n como para el sector de la distribuci\u00f3n de veh\u00edculos, eXpo Ganvam contar\u00e1 con el ide\u00f3logo de esta propuesta de arrendamiento social de veh\u00edculos el\u00e9ctricos en Francia, Vincent Carr\u00e9.<\/p>\n<p><strong>Nuevo formato de eXpo Ganvam<\/strong><\/p>\n<p>\u00bfQu\u00e9 similitudes y diferencias hay entre el sector de la movilidad espa\u00f1ol y franc\u00e9s?, \u00bfEl \u201crenting social\u201d podr\u00eda funcionar en nuestro pa\u00eds?, \u00bfEs una medida v\u00e1lida para el entorno rural?<\/p>\n<p>Para dar respuesta a estas preguntas eXpo Ganvam contar\u00e1 con el periodista y ex secretario de Estado de Comunicaci\u00f3n, Miguel \u00c1ngel Oliver, quien ser\u00e1 el encargado de dirigir la sesi\u00f3n plenaria a trav\u00e9s de un nuevo formato televisivo inspirado en los populares \u2018late nights\u2019.<\/p>\n<p>De esta manera, el acceso del conjunto de la poblaci\u00f3n a la movilidad cero emisiones o \u00a0el papel de los veh\u00edculos de segunda mano en iniciativas de este tipo son algunos de los aspectos que Oliver tratar\u00e1 con Vicent Carr\u00e9 en la sesi\u00f3n plenaria de esta tercera edici\u00f3n de eXpo Ganvam.<\/p>\n<p><em>Informaci\u00f3n actualizada en la <\/em><a href=\"https:\/\/ganvam.es\/expoganvam\/\"><em>landing oficial del evento<\/em><\/a><em>, y pr\u00f3ximamente a trav\u00e9s de la app exclusiva del evento disponible tanto para iOS como para Android. Adem\u00e1s, reg\u00edstrate <\/em><em>aqu\u00ed<\/em><em> y adquiere tu entrada. <\/em><\/p>\n","protected":false},"excerpt":{"rendered":"<p>La tercera edici\u00f3n de eXpo Ganvam, que tendr\u00e1 lugar en IFEMA el pr\u00f3ximo 21 de noviembre, contar\u00e1 con la presencia de Vincent Carr\u00e9, <\/p>\n","protected":false},"author":1,"featured_media":10174,"comment_status":"closed","ping_status":"open","sticky":false,"template":"","format":"standard","meta":{"footnotes":""},"categories":[46],"tags":[],"class_list":["post-10172","post","type-post","status-publish","format-standard","has-post-thumbnail","hentry","category-expo-ganvam-2023"],"aioseo_notices":[],"_links":{"self":[{"href":"https:\/\/ganvam.es\/expoganvam\/wp-json\/wp\/v2\/posts\/10172","targetHints":{"allow":["GET"]}}],"collection":[{"href":"https:\/\/ganvam.es\/expoganvam\/wp-json\/wp\/v2\/posts"}],"about":[{"href":"https:\/\/ganvam.es\/expoganvam\/wp-json\/wp\/v2\/types\/post"}],"author":[{"embeddable":true,"href":"https:\/\/ganvam.es\/expoganvam\/wp-json\/wp\/v2\/users\/1"}],"replies":[{"embeddable":true,"href":"https:\/\/ganvam.es\/expoganvam\/wp-json\/wp\/v2\/comments?post=10172"}],"version-history":[{"count":2,"href":"https:\/\/ganvam.es\/expoganvam\/wp-json\/wp\/v2\/posts\/10172\/revisions"}],"predecessor-version":[{"id":10176,"href":"https:\/\/ganvam.es\/expoganvam\/wp-json\/wp\/v2\/posts\/10172\/revisions\/10176"}],"wp:featuredmedia":[{"embeddable":true,"href":"https:\/\/ganvam.es\/expoganvam\/wp-json\/wp\/v2\/media\/10174"}],"wp:attachment":[{"href":"https:\/\/ganvam.es\/expoganvam\/wp-json\/wp\/v2\/media?parent=10172"}],"wp:term":[{"taxonomy":"category","embeddable":true,"href":"https:\/\/ganvam.es\/expoganvam\/wp-json\/wp\/v2\/categories?post=10172"},{"taxonomy":"post_tag","embeddable":true,"href":"https:\/\/ganvam.es\/expoganvam\/wp-json\/wp\/v2\/tags?post=10172"}],"curies":[{"name":"wp","href":"https:\/\/api.w.org\/{rel}","templated":true}]}}