{"id":10017,"date":"2023-07-19T10:42:53","date_gmt":"2023-07-19T08:42:53","guid":{"rendered":"https:\/\/ganvam.es\/expoganvam\/?p=10017"},"modified":"2023-10-26T10:55:43","modified_gmt":"2023-10-26T08:55:43","slug":"la-tercera-edicion-de-expo-ganvam-cuenta-ya-con-el-apoyo-de-un-nutrido-grupo-de-empresas-colaboradoras","status":"publish","type":"post","link":"https:\/\/ganvam.es\/expoganvam\/la-tercera-edicion-de-expo-ganvam-cuenta-ya-con-el-apoyo-de-un-nutrido-grupo-de-empresas-colaboradoras\/","title":{"rendered":"La tercera edici\u00f3n de eXpo Ganvam cuenta ya  con el apoyo de un nutrido grupo de empresas colaboradoras"},"content":{"rendered":"<p>La tercera edici\u00f3n eXpo Ganvam, que el pr\u00f3ximo d\u00eda 21 de noviembre volver\u00e1 a convertir el Centro de Convenciones Norte de IFEMA MADRID en el punto de encuentro de la distribuci\u00f3n de veh\u00edculos, cuenta ya con veinticinco socios estrat\u00e9gicos que aportar\u00e1n soluciones reales al cambio de paradigma que vive el sector.<\/p>\n<p>Bajo el lema \u201c+ que movilidad\u201d, la nueva edici\u00f3n de eXpo Ganvam, a trav\u00e9s de un nuevo formato televisivo inspirado en los populares y distendidos <em>late nights<\/em>, dar\u00e1 respuesta a las verdaderas necesidades del sector, inmerso en un momento de actualizaci\u00f3n y constante adaptaci\u00f3n a las nuevas tecnolog\u00edas y necesidades de los clientes.<\/p>\n<p>Por otro lado, la jornada seguir\u00e1 contando con sesiones de trabajo de diferentes formatos y duraci\u00f3n (masterclass, quickclass, charlas entre expertos y los nuevos encuentros express\u2026), generando un espacio id\u00f3neo para dar a conocer nuevas propuestas de negocio e innovaci\u00f3n a los asistentes.<\/p>\n<p>De esta manera, eXpo Ganvam expondr\u00e1 un completo ecosistema de partners que no solo permitir\u00e1n abrir l\u00edneas de diversificaci\u00f3n de negocio o acelerar la transformaci\u00f3n digital, sino tambi\u00e9n adaptarse profesionalmente a los nuevos perfiles que va a exigir el mercado.<\/p>\n<p><a href=\"https:\/\/www.auto1.com\/es\/home\/buy?MID=ES_DIS_0_1_2_6_1_1_2441&amp;utm_source=advertising&amp;utm_medium=ganvamdb010623&amp;utm_campaign=ES_DIS_0_1_2_6_1_1_2441\">Auto1<\/a>, <a href=\"https:\/\/www.bbvaconsumerfinance.es\/\">BBVA Consumer Finance<\/a>, <a href=\"https:\/\/www.caixabankpc.com\/es\/\">Caixabank Payments &amp; Consumer<\/a><a href=\"https:\/\/www.cargarantie.com\/es\/\">, Car Garantie<\/a>, <a href=\"https:\/\/www.caser.es\/\">Caser<\/a>, <a href=\"https:\/\/www.cetelem.es\/\">Cetelem<\/a>, <a href=\"https:\/\/www.coches.net\/\">coches.net<\/a>, <a href=\"https:\/\/www.datgroup.com\/es-es\/\">DAT Ib\u00e9rica<\/a>, <a href=\"https:\/\/www.ersmgrupo.com\/\">ERSM<\/a>, <a href=\"https:\/\/www.crmconcesionarios.com\/\">Fidelity For Net<\/a>, <a href=\"https:\/\/garantiplus.es\/\">GarantiPlus-Ges Seguros<\/a>, <a href=\"https:\/\/www.iberdrola.es\/\">Iberdrola<\/a>, <a href=\"https:\/\/icardms.pt\/es\/\">Imaweb<\/a>, <a href=\"https:\/\/www.ivendi.com\/\">Ivendi<\/a>, <a href=\"https:\/\/lojackiberia.com\/\">LoJack<\/a>, <a href=\"https:\/\/www.opteven.es\/\">Opteven<\/a>, <a href=\"https:\/\/www.renfe.com\/es\/es\/grupo-renfe\/sociedades\/renfe-mercancias\/mercancias-conocenos\/pecovasa\/empresa\">Pecovasa Renfe<\/a>, <a href=\"https:\/\/es.ppgrefinish.com\/es\/\">PPG<\/a>, <a href=\"https:\/\/quiter.com\/\">Quiter<\/a>, <a href=\"https:\/\/info.rmpaint.com\/es\">RM (Basf)<\/a>, <a href=\"https:\/\/www.santanderconsumer.es\/\">Santander Consumer Finance<\/a>, <a href=\"https:\/\/www.sofinco.es\/\">Sofinco<\/a>, <a href=\"https:\/\/www.solerainc.es\/\">Solera<\/a> o <a href=\"https:\/\/www.wecaria.com\/\">Wecaria<\/a> son algunos de los que ya han confirmado su presencia.<\/p>\n<p><em>Para estar informado y al tanto de todas las novedades del evento seg\u00fan se vayan produciendo puedes acceder a la web de eXpo Ganvam.<\/em> <em>Adem\u00e1s, ya puedes hacer la prerreserva de tu entrada para el 21 de noviembre en IFEMA MADRID a trav\u00e9s de este enlace:<\/em> https:\/\/ganvam.es\/expoganvam\/<\/p>\n<p><strong>\u00a0<\/strong><\/p>\n<p><strong>Sobre Ganvam<\/strong><\/p>\n<p><em>Ganvam es la asociaci\u00f3n decana y m\u00e1s representativa de la distribuci\u00f3n de autom\u00f3viles de Espa\u00f1a. Fundada en 1957, es una organizaci\u00f3n transversal que agrupa a cerca de 7.000 asociados entre <\/em><strong><em>concesionarios y servicios oficiales, compraventas y talleres independientes<\/em><\/strong><em>. Defiende los intereses de distribuidores que venden tanto veh\u00edculos <\/em><strong><em>nuevos como usados y agrupa a compa\u00f1\u00edas que distribuyen y reparan todo tipo de veh\u00edculos:<\/em><\/strong> <strong><em>turismos, industriales, motos y tractores agr\u00edcolas, as\u00ed como empresas afines (peritos, gestores\u2026)<\/em><\/strong><em>. En conjunto, estas empresas venden y dan servicio a m\u00e1s del 80% del parque m\u00f3vil espa\u00f1ol. Dentro del escenario internacional, es miembro de la junta directiva de CECRA (Comit\u00e9 Europeo del Comercio y la Reparaci\u00f3n de Veh\u00edculos).<\/em><\/p>\n<p><strong>\u00a0<\/strong><\/p>\n<p><strong>M\u00e1s informaci\u00f3n:<\/strong><\/p>\n<p>Tania Puche\/Jorge Medina<\/p>\n<p><a href=\"mailto:prensa@ganvam.es\">prensa@ganvam.es<\/a><\/p>\n<p>667522916<\/p>\n<p><a href=\"http:\/\/www.ganvam.es\">www.ganvam.es<\/a><\/p>\n","protected":false},"excerpt":{"rendered":"<p>El pr\u00f3ximo d\u00eda 21 de noviembre Ganvam volver\u00e1 a convertir el Centro de Convenciones Norte de IFEMA MADRID en el punto de encuentro de la distribuci\u00f3n de veh\u00edculos<\/p>\n","protected":false},"author":1,"featured_media":10018,"comment_status":"closed","ping_status":"open","sticky":false,"template":"","format":"standard","meta":{"footnotes":""},"categories":[46],"tags":[47],"class_list":["post-10017","post","type-post","status-publish","format-standard","has-post-thumbnail","hentry","category-expo-ganvam-2023","tag-expo-ganvam-2023"],"aioseo_notices":[],"_links":{"self":[{"href":"https:\/\/ganvam.es\/expoganvam\/wp-json\/wp\/v2\/posts\/10017","targetHints":{"allow":["GET"]}}],"collection":[{"href":"https:\/\/ganvam.es\/expoganvam\/wp-json\/wp\/v2\/posts"}],"about":[{"href":"https:\/\/ganvam.es\/expoganvam\/wp-json\/wp\/v2\/types\/post"}],"author":[{"embeddable":true,"href":"https:\/\/ganvam.es\/expoganvam\/wp-json\/wp\/v2\/users\/1"}],"replies":[{"embeddable":true,"href":"https:\/\/ganvam.es\/expoganvam\/wp-json\/wp\/v2\/comments?post=10017"}],"version-history":[{"count":2,"href":"https:\/\/ganvam.es\/expoganvam\/wp-json\/wp\/v2\/posts\/10017\/revisions"}],"predecessor-version":[{"id":10030,"href":"https:\/\/ganvam.es\/expoganvam\/wp-json\/wp\/v2\/posts\/10017\/revisions\/10030"}],"wp:featuredmedia":[{"embeddable":true,"href":"https:\/\/ganvam.es\/expoganvam\/wp-json\/wp\/v2\/media\/10018"}],"wp:attachment":[{"href":"https:\/\/ganvam.es\/expoganvam\/wp-json\/wp\/v2\/media?parent=10017"}],"wp:term":[{"taxonomy":"category","embeddable":true,"href":"https:\/\/ganvam.es\/expoganvam\/wp-json\/wp\/v2\/categories?post=10017"},{"taxonomy":"post_tag","embeddable":true,"href":"https:\/\/ganvam.es\/expoganvam\/wp-json\/wp\/v2\/tags?post=10017"}],"curies":[{"name":"wp","href":"https:\/\/api.w.org\/{rel}","templated":true}]}}